{"id":638170,"date":"2026-01-03T11:20:15","date_gmt":"2026-01-03T11:20:15","guid":{"rendered":"https:\/\/www.europesays.com\/fr\/638170\/"},"modified":"2026-01-03T11:20:15","modified_gmt":"2026-01-03T11:20:15","slug":"metropole-de-grenoble-un-adolescent-de-16-ans-grievement-blesse-apres-avoir-ete-percute-par-une-voiture","status":"publish","type":"post","link":"https:\/\/www.europesays.com\/fr\/638170\/","title":{"rendered":"M\u00e9tropole de Grenoble. Un adolescent de 16 ans gri\u00e8vement bless\u00e9 apr\u00e8s avoir \u00e9t\u00e9 percut\u00e9 par une voiture"},"content":{"rendered":"<p>Un grave accident s\u2019est produit vendredi 2\u00a0janvier, vers 19\u00a0h\u00a030, sur le cours Saint-Andr\u00e9, au Pont-de-Claix. Un adolescent de 16 ans qui traversait le cours a en effet \u00e9t\u00e9 percut\u00e9 par une voiture.<\/p>\n<p>Ce contenu est bloqu\u00e9 car vous n&rsquo;avez pas accept\u00e9 les cookies et autres traceurs.<\/p>\n<p>En cliquant sur \u00ab J\u2019accepte \u00bb, les cookies et autres traceurs seront d\u00e9pos\u00e9s et vous pourrez visualiser les contenus  (<a href=\"\" class=\"consentModule_policy\" target=\"_blank\" title=\"Consulter la politique de protection des donn\u00e9es du fournisseur\">plus d&rsquo;informations<\/a>).<\/p>\n<p>En cliquant sur \u00ab J\u2019accepte tous les cookies \u00bb, vous autorisez des d\u00e9p\u00f4ts de cookies et autres traceurs pour le stockage de vos donn\u00e9es sur nos sites et applications \u00e0 des fins de personnalisation et de ciblage publicitaire.<\/p>\n<p class=\"consentModule_secondaryText\">Vous gardez la possibilit\u00e9 de retirer votre consentement \u00e0 tout moment en consultant notre <a href=\"https:\/\/www.ledauphine.com\/protection-des-donnees\" target=\"_blank\" title=\"Consulter notre politique de protection des donn\u00e9es\" rel=\"noopener\">politique de protection des donn\u00e9es<\/a>. <br \/>&#13;<br \/>\n            <a href=\"https:\/\/www.ledauphine.com\/faits-divers-justice\/2026\/01\/03\/javascript:Didomi.notice.show()\" class=\"consentModule_cmp\" target=\"_blank\" rel=\"noopener\">G\u00e9rer mes choix<\/a>&#13;\n        <\/p>\n<p>&#13;<br \/>\n                        J&rsquo;accepte&#13;<br \/>\n            J&rsquo;accepte tous les cookies&#13;\n        <\/p>\n<p>Pr\u00e9sentant de nombreuses suspicions de fractures, l\u2019adolescent a \u00e9t\u00e9 pris en charge par les sapeurs-pompiers et m\u00e9dicalis\u00e9 par une \u00e9quipe du Samu avant d\u2019\u00eatre transport\u00e9 au CHU Grenoble Alpes ou il a \u00e9t\u00e9 admis dans le service de d\u00e9chocage en urgence absolue.<\/p>\n<p>Une enqu\u00eate a \u00e9t\u00e9 ouverte par les gendarmes de la brigade du Pont-de-Claix pour tenter de d\u00e9terminer les circonstances de cet accident.<\/p>\n<p>Selon nos informations, les tests de d\u00e9pistage de consommation d\u2019alcool ou de produits stup\u00e9fiants r\u00e9alis\u00e9s sur la conductrice dont la voiture a percut\u00e9 l\u2019adolescent se sont r\u00e9v\u00e9l\u00e9s n\u00e9gatifs.<\/p>\n","protected":false},"excerpt":{"rendered":"Un grave accident s\u2019est produit vendredi 2\u00a0janvier, vers 19\u00a0h\u00a030, sur le cours Saint-Andr\u00e9, au Pont-de-Claix. Un adolescent de&hellip;\n","protected":false},"author":2,"featured_media":638171,"comment_status":"","ping_status":"","sticky":false,"template":"","format":"standard","meta":{"footnotes":""},"categories":[9566],"tags":[119,1111,11,2430,112,113,1777,674,274,107,1011,27,2731,108,7000,3294,12,25],"class_list":{"0":"post-638170","1":"post","2":"type-post","3":"status-publish","4":"format-standard","5":"has-post-thumbnail","7":"category-grenoble","8":"tag-accident","9":"tag-actu","10":"tag-actualites","11":"tag-auvergne-rhone-alpes","12":"tag-edition-grenoble-agglomeration","13":"tag-edition-gresivaudan-oisans","14":"tag-eu","15":"tag-europe","16":"tag-faits-divers-justice","17":"tag-fil-info","18":"tag-fr","19":"tag-france","20":"tag-grenoble","21":"tag-isere","22":"tag-lagglomeration","23":"tag-le-pont-de-claix","24":"tag-news","25":"tag-republique-francaise"},"share_on_mastodon":{"url":"https:\/\/pubeurope.com\/@fr\/115830903483998561","error":""},"_links":{"self":[{"href":"https:\/\/www.europesays.com\/fr\/wp-json\/wp\/v2\/posts\/638170","targetHints":{"allow":["GET"]}}],"collection":[{"href":"https:\/\/www.europesays.com\/fr\/wp-json\/wp\/v2\/posts"}],"about":[{"href":"https:\/\/www.europesays.com\/fr\/wp-json\/wp\/v2\/types\/post"}],"author":[{"embeddable":true,"href":"https:\/\/www.europesays.com\/fr\/wp-json\/wp\/v2\/users\/2"}],"replies":[{"embeddable":true,"href":"https:\/\/www.europesays.com\/fr\/wp-json\/wp\/v2\/comments?post=638170"}],"version-history":[{"count":0,"href":"https:\/\/www.europesays.com\/fr\/wp-json\/wp\/v2\/posts\/638170\/revisions"}],"wp:featuredmedia":[{"embeddable":true,"href":"https:\/\/www.europesays.com\/fr\/wp-json\/wp\/v2\/media\/638171"}],"wp:attachment":[{"href":"https:\/\/www.europesays.com\/fr\/wp-json\/wp\/v2\/media?parent=638170"}],"wp:term":[{"taxonomy":"category","embeddable":true,"href":"https:\/\/www.europesays.com\/fr\/wp-json\/wp\/v2\/categories?post=638170"},{"taxonomy":"post_tag","embeddable":true,"href":"https:\/\/www.europesays.com\/fr\/wp-json\/wp\/v2\/tags?post=638170"}],"curies":[{"name":"wp","href":"https:\/\/api.w.org\/{rel}","templated":true}]}}