{"id":638172,"date":"2026-01-03T11:23:14","date_gmt":"2026-01-03T11:23:14","guid":{"rendered":"https:\/\/www.europesays.com\/fr\/638172\/"},"modified":"2026-01-03T11:23:14","modified_gmt":"2026-01-03T11:23:14","slug":"pourquoi-pas-vous-agence-rennes-ouest-rennes","status":"publish","type":"post","link":"https:\/\/www.europesays.com\/fr\/638172\/","title":{"rendered":"pourquoi pas vous ? Agence RENNES OUEST Rennes"},"content":{"rendered":"<p>    <img fetchpriority=\"high\" decoding=\"async\" width=\"700\" height=\"467\" src=\"https:\/\/www.europesays.com\/fr\/wp-content\/uploads\/2026\/01\/ninkasi-nouveau-barresto-debarque-a-rennes-et-recrute-sans-cv-pourquoi-pas-vous-agence-rennes-ouest-.jpeg\" class=\"attachment-full size-full wp-post-image\" alt=\"NINKASI\"   data-eio=\"p\"\/>  <\/p>\n<p>          <strong>NINKASI, nouveau bar\/resto d\u00e9barque \u00e0 Rennes et recrute sans CV : pourquoi pas vous ? Agence RENNES OUEST Rennes jeudi 5 f\u00e9vrier 2026.<\/strong><\/p>\n<p>NINKASI, nouveau bar\/resto d\u00e9barque \u00e0 Rennes et recrute sans CV : pourquoi pas vous ? Agence RENNES OUEST Rennes Jeudi 5 f\u00e9vrier, 11h00 Ille-et-Vilaine<\/p>\n<p>L\u2019enseigne NINKASI ouvre Route de Lorient fin mars 2026 et recrute ses futur.es Employ\u00e9.es Polyvalent.<\/p>\n<p>L\u2019enseigne NINKASI ouvre Route de Lorient fin mars 2026 et recrute ses futur.es Employ\u00e9.es Polyvalent.es de Restauration Plus de 15 postes \u00e0 pourvoir ! (temps plein et temps partiel) L\u2019\u00e9quipe NINKASI sera pr\u00e9sente en Agence France Travail Rennes Sud le 5\/02\/26 de 11 \u00e0 13h pour vous pr\u00e9senter les diff\u00e9rents postes. *** RECRUTEMENTS SANS CV *** *** INSCRIPTION OBLIGATOIRE ***<\/p>\n<p>R\u00e9union d\u2019information collective ayant pour but de : \u2013 Pr\u00e9senter l\u2019entreprise \u2013 Pr\u00e9senter les postes \u00e0 pourvoir \u2013 Pr\u00e9senter de la M\u00e9th<\/p>\n<p><a href=\"https:\/\/unidivers.fr\/event\/ninkasi-nouveau-bar-resto-debarque-a-rennes-et-recrute-sans-cv-pourquoi-pas-vous-agence-rennes-ouest-rennes-2026-02-05t110000-0000100\/\" target=\"_blank\" rel=\"noopener\">Vous pouvez postuler ici<\/a><\/p>\n<p>Agence RENNES OUEST 35200 Rennes Le Blosne Rennes 35200 Ille-et-Vilaine<\/p>\n<p>\u00a0<\/p>\n","protected":false},"excerpt":{"rendered":"NINKASI, nouveau bar\/resto d\u00e9barque \u00e0 Rennes et recrute sans CV : pourquoi pas vous ? Agence RENNES OUEST&hellip;\n","protected":false},"author":2,"featured_media":638173,"comment_status":"","ping_status":"","sticky":false,"template":"","format":"standard","meta":{"footnotes":""},"categories":[2821],"tags":[1111,11,829,1777,674,1011,27,12,584,25],"class_list":{"0":"post-638172","1":"post","2":"type-post","3":"status-publish","4":"format-standard","5":"has-post-thumbnail","7":"category-rennes","8":"tag-actu","9":"tag-actualites","10":"tag-bretagne","11":"tag-eu","12":"tag-europe","13":"tag-fr","14":"tag-france","15":"tag-news","16":"tag-rennes","17":"tag-republique-francaise"},"share_on_mastodon":{"url":"https:\/\/pubeurope.com\/@fr\/115830915415067989","error":""},"_links":{"self":[{"href":"https:\/\/www.europesays.com\/fr\/wp-json\/wp\/v2\/posts\/638172","targetHints":{"allow":["GET"]}}],"collection":[{"href":"https:\/\/www.europesays.com\/fr\/wp-json\/wp\/v2\/posts"}],"about":[{"href":"https:\/\/www.europesays.com\/fr\/wp-json\/wp\/v2\/types\/post"}],"author":[{"embeddable":true,"href":"https:\/\/www.europesays.com\/fr\/wp-json\/wp\/v2\/users\/2"}],"replies":[{"embeddable":true,"href":"https:\/\/www.europesays.com\/fr\/wp-json\/wp\/v2\/comments?post=638172"}],"version-history":[{"count":0,"href":"https:\/\/www.europesays.com\/fr\/wp-json\/wp\/v2\/posts\/638172\/revisions"}],"wp:featuredmedia":[{"embeddable":true,"href":"https:\/\/www.europesays.com\/fr\/wp-json\/wp\/v2\/media\/638173"}],"wp:attachment":[{"href":"https:\/\/www.europesays.com\/fr\/wp-json\/wp\/v2\/media?parent=638172"}],"wp:term":[{"taxonomy":"category","embeddable":true,"href":"https:\/\/www.europesays.com\/fr\/wp-json\/wp\/v2\/categories?post=638172"},{"taxonomy":"post_tag","embeddable":true,"href":"https:\/\/www.europesays.com\/fr\/wp-json\/wp\/v2\/tags?post=638172"}],"curies":[{"name":"wp","href":"https:\/\/api.w.org\/{rel}","templated":true}]}}