{"id":638174,"date":"2026-01-03T11:24:14","date_gmt":"2026-01-03T11:24:14","guid":{"rendered":"https:\/\/www.europesays.com\/fr\/638174\/"},"modified":"2026-01-03T11:24:14","modified_gmt":"2026-01-03T11:24:14","slug":"une-majorite-detudiants-changent-leurs-pratiques-pour-des-raisons-ecologiques","status":"publish","type":"post","link":"https:\/\/www.europesays.com\/fr\/638174\/","title":{"rendered":"Une majorit\u00e9 d&rsquo;\u00e9tudiants changent leurs pratiques pour des raisons \u00e9cologiques"},"content":{"rendered":"<p class=\"wp-block-post-excerpt__excerpt\">L\u2019\u00e9conomiste Anne Stenger a particip\u00e9 \u00e0 une \u00e9tude sur les leviers et les freins \u00e0 l\u2019apparition de comportements pro-environnementaux. Elle a remarqu\u00e9 qu\u2019une majorit\u00e9 des \u00e9tudiants et \u00e9tudiantes d\u00e9clare avoir adopt\u00e9 des pratiques plus \u00e9cologiques. <\/p>\n<p class=\"font-sans\">\n\t\t\tCet article est en acc\u00e8s libre. Pour soutenir Rue89 Strasbourg,<br \/>\n\t\t\t<a class=\"underline\" href=\"https:\/\/www.rue89strasbourg.com\/abonnement\" target=\"_blank\" rel=\"noopener\">abonnez-vous<\/a>.\n\t\t<\/p>\n<p>Thibault Vetter<\/p>\n<p>Publi\u00e9 le 3 janvier 2026\u00a0\u00a0\u00b7\u00a0\u00a0<\/p>\n<p>Imprim\u00e9 le 3 janvier 2026 \u00e0 11h36\u00a0\u00a0\u00b7\u00a0\u00a0<\/p>\n<p>\t\t\t\t\t5\u00a0minutes\n<\/p>\n<p>Pr\u00e8s de 45\u00a0000 jeunes ont r\u00e9pondu \u00e0 une enqu\u00eate de l\u2019observatoire de la vie \u00e9tudiante (OVE) en 2023. Parmi les questions pos\u00e9es, deux s\u2019int\u00e9ressaient aux comportements pro-environnementaux\u00a0: \u00ab\u00a0Pour des raisons \u00e9cologiques, avez-vous chang\u00e9 vos habitudes alimentaires\u00a0?\u00a0\u00bb et \u00ab\u00a0Pour des raisons \u00e9cologiques, avez-vous chang\u00e9 vos modes de transport\u00a0?\u00a0\u00bb Anne Stenger et Magali Grammare, chercheuses \u00e0 l\u2019Universit\u00e9 de Strasbourg, se sont concentr\u00e9es sur les r\u00e9ponses \u00e0 ces deux interrogations.<\/p>\n<p>Parall\u00e8lement, l\u2019OVE a aussi r\u00e9colt\u00e9 des informations sur le milieu social, la zone d\u2019habitation, le genre, ou encore le niveau de dipl\u00f4me des \u00e9tudiants et \u00e9tudiantes. Les \u00e9conomistes ont ainsi pu en tirer des statistiques sur les facteurs associ\u00e9s aux comportements \u00e9cologistes. Leur hypoth\u00e8se de d\u00e9part est que l\u2019\u00e9ducation formelle, c\u2019est \u00e0 dire li\u00e9e au cursus scolaire et \u00e9tudiant, ou informelle, soit les activit\u00e9s extra-scolaires, encouragent les changements d\u2019habitudes.<\/p>\n<p><a href=\"https:\/\/www.rue89strasbourg.com\/user\/offrez-rue89-strasbourg\" target=\"_blank\" rel=\" noreferrer noopener\"><img loading=\"lazy\" decoding=\"async\" width=\"1940\" height=\"500\" src=\"https:\/\/www.europesays.com\/fr\/wp-content\/uploads\/2025\/11\/banner-970x250px-promo-v2-.png\" alt=\"\" class=\"wp-image-367072\" style=\"object-fit:cover;width:970px;height:250px\"  \/><\/a><\/p>\n<p>Une large majorit\u00e9 favorable au changement<\/p>\n<p>Pour les deux membres du Bureau d\u2019\u00e9conomie th\u00e9orique et appliqu\u00e9e\u00a0(Beta) de l\u2019Universit\u00e9 de Strasbourg, le statut d\u2019\u00e9tudiant \u00e9tait particuli\u00e8rement int\u00e9ressant. Les \u00e9tudes constituent souvent une p\u00e9riode de transition vers l\u2019autonomie, qui peut entrainer des changements dans les pratiques. Finalement, l\u2019hypoth\u00e8se se v\u00e9rifie mais de nombreux autres facteurs ont un r\u00f4le dans l\u2019adoption de comportements respectueux de l\u2019environnement. La directrice de recherche sp\u00e9cialis\u00e9e notamment en \u00e9conomie comportementale et en \u00e9conomie de l\u2019environnement Anne Stenger revient sur les r\u00e9sultats de ses recherches pour Rue89 Strasbourg.<\/p>\n<p><img loading=\"lazy\" decoding=\"async\" width=\"792\" height=\"528\" src=\"https:\/\/www.europesays.com\/fr\/wp-content\/uploads\/2026\/01\/54990198539-3d7f061b33-k-792x528.jpg\" alt=\"\" class=\"wp-image-373624\"  \/> Anne Stenger, directrice de recherche en \u00e9conomie \u00e0 l\u2019Universit\u00e9 de Strasbourg. <\/p>\n<p><strong>Rue89 Strasbourg\u00a0: Les \u00e9tudiants et \u00e9tudiantes de l\u2019Universit\u00e9 de Strasbourg sont-ils nombreux \u00e0 avoir chang\u00e9 leurs comportement pour des raisons \u00e9cologistes\u00a0?<\/strong><\/p>\n<p><strong>Anne Stenger\u00a0:<\/strong> Oui, c\u2019est un r\u00e9sultat assez marquant. Sur les pr\u00e8s de 45\u00a0000 personnes interrog\u00e9es, un tiers d\u00e9clare avoir chang\u00e9 \u00e0 la fois son alimentation et son mode de transport pour des raisons \u00e9cologiques. 15% disent avoir chang\u00e9 uniquement leurs comportements alimentaires, et 20% juste leurs habitudes de transport. On arrive donc \u00e0 65% qui ont chang\u00e9 leurs pratiques. Et sur les 35% restants, 67% d\u00e9clarent qu\u2019ils auraient voulu changer mais n\u2019ont pas pu. Cela peut-\u00eatre pour des raisons financi\u00e8res par exemple. Donc finalement, tr\u00e8s peu d\u2019\u00e9tudiants souhaitent ne rien changer (environ 5\u00a0000 sur les 45\u00a0000 interrog\u00e9s, NDLR).<\/p>\n<p><strong>Observez-vous des facteurs qui encouragent ou freinent particuli\u00e8rement les comportements pro-environnementaux\u00a0?<\/strong><\/p>\n<p>Ce qui encourage le plus les \u00e9tudiant\u00b7es \u00e0 changer leurs comportements est l\u2019\u00e9ducation. 45% de celles et ceux qui ont suivi des cours sur l\u2019environnement ont chang\u00e9 leur alimentation et leur transport. Ce chiffre monte \u00e0 56% pour celles et ceux qui sont all\u00e9s \u00e0 des marches pour l\u2019environnement. Le type de dipl\u00f4me joue aussi. Ceux qui ont un master sont 39% \u00e0 avoir chang\u00e9 les deux, contre 18% pour les bacs professionnels.<\/p>\n<p>\t\tL\u2019impact de la pratique sportive<\/p>\n<p>Les femmes changent davantage que les hommes\u00a0(35% des femmes ont chang\u00e9 leur mode de d\u00e9placement et de consommation contre 25% pour les hommes, NDLR). Pour celles et ceux qui modifient juste un type de comportement, les femmes sont plus nombreuses que les hommes \u00e0 changer juste leur alimentation (18% contre 9% pour les hommes, NDLR). Elles changent moins leurs transports en revanche (18% contre 23% pour les hommes, NDLR).<\/p>\n<p>Les \u00e9tudiants qui vivent chez leurs parents modifient moins leurs comportements que les autres (46% ne modifient rien, NDLR). Ils en ont certainement moins la possibilit\u00e9. Le milieu social joue aussi. Les personnes peu ais\u00e9es et moyennement ais\u00e9es arrivent plus facilement \u00e0 changer leur transport que leur alimentation. Les plut\u00f4t ais\u00e9s sont 39% \u00e0 changer les deux et les peu ais\u00e9s sont 39% \u00e0 ne rien changer. <\/p>\n<p>Le sport est \u00e9galement un facteur qui pousse \u00e0 avoir davantage de comportements \u00e9cologistes (34% des sportifs ont chang\u00e9 leur alimentation et leur mode de transport, contre 27% des non sportifs, NDLR). C\u2019est peut-\u00eatre li\u00e9 aux valeurs environnementales qui sont transmises dans les clubs.<\/p>\n<p>Assez logiquement, les \u00e9co-anxieux changent plus leurs comportements que les non \u00e9co-anxieux (74% ne changent rien, NDLR). On remarque enfin que les \u00e9tudiant-es qui habitent en ville changent plus de mode de transport que d\u2019alimentation. Et c\u2019est l\u2019inverse pour celles et ceux qui habitent \u00e0 la campagne\u00a0: on observe plus de changements d\u2019alimentation.<\/p>\n<p><strong>Quelles sont les limites de cette \u00e9tude\u00a0?<\/strong><\/p>\n<p>Nous avons identifi\u00e9 clairement deux limites \u00e0 cette enqu\u00eate. La premi\u00e8re, c\u2019est qu\u2019on ne sait pas pr\u00e9cis\u00e9ment quelles sont les actions mises en \u0153uvre. Est-ce que les personnes mangent moins ou plus du tout de viande ? Est-ce qu\u2019elles consomment plus local ? Est-ce qu\u2019elles ne circulent qu\u2019\u00e0 v\u00e9lo\u00a0? On n\u2019a aucune information l\u00e0-dessus. Et on n\u2019a pas non plus les raisons invoqu\u00e9es pour ne pas changer un comportement, ce qui limite l\u2019interpr\u00e9tation qu\u2019on peut faire des r\u00e9sultats.<\/p>\n<p>R\u00e9duire les in\u00e9galit\u00e9s<\/p>\n<p>La deuxi\u00e8me grosse limite, c\u2019est qu\u2019on n\u2019a pas la temporalit\u00e9 dans le questionnaire\u00a0: on ne sait pas ce qui arrive en premier, entre le comportement \u00e9cologiste et le facteur. Par exemple, est-ce qu\u2019une personne commence \u00e0 aller \u00e0 des marches pour le climat et c\u2019est \u00e7a qui la pousse \u00e0 changer ses habitudes ou est-ce qu\u2019elle les avait d\u00e9j\u00e0 chang\u00e9es\u00a0?<\/p>\n<p><strong>Que pouvez-vous conclure\u00a0?<\/strong><\/p>\n<p>L\u2019\u00e9ducation ressort comme un facteur important. Et c\u2019est int\u00e9ressant parce que c\u2019est un facteur sur lequel il apparait possible d\u2019agir assez facilement. Continuons \u00e0 \u00e9duquer de mani\u00e8re informelle, formons aux comportements pro-environnementaux d\u00e8s le plus jeune \u00e2ge pour que les jeunes deviennent des adultes qui eux-m\u00eames transmettront ces pratiques. Quand on forme des jeunes, ils peuvent aussi transmettre ces valeurs \u00e0 leurs parents (on parle de \u00ab\u00a0socialisation invers\u00e9e\u00a0\u00bb), il ne faut pas n\u00e9gliger \u00e7a. <\/p>\n<p>Cette \u00e9ducation peut se faire \u00e0 l\u2019\u00e9cole mais aussi \u00e0 travers les structures associatives comme les clubs sportifs. Et on doit continuer de mettre en place des conf\u00e9rences ou des ateliers qui parlent d\u2019environnement, gratuits et accessibles, dans tous les quartiers.<\/p>\n<p>On se rend compte que la plupart de celles et ceux qui n\u2019ont rien chang\u00e9 auraient voulu le faire. Il est donc n\u00e9cessaire de repenser l\u2019ensemble des politiques publiques, notamment pour ce qui est des transports, avec des infrastructures adapt\u00e9es et accessibles financi\u00e8rement. Toutes les politiques visant \u00e0 r\u00e9duire les in\u00e9galit\u00e9s sociales pourraient aussi jouer en faveur de comportements pro-environnementaux.<\/p>\n<p>Aller <strong>plus loin<\/strong><\/p>\n","protected":false},"excerpt":{"rendered":"L\u2019\u00e9conomiste Anne Stenger a particip\u00e9 \u00e0 une \u00e9tude sur les leviers et les freins \u00e0 l\u2019apparition de comportements&hellip;\n","protected":false},"author":2,"featured_media":638175,"comment_status":"","ping_status":"","sticky":false,"template":"","format":"standard","meta":{"footnotes":""},"categories":[2820],"tags":[1111,11,51,436,6379,1777,674,1011,27,775,12,25,104,640],"class_list":{"0":"post-638174","1":"post","2":"type-post","3":"status-publish","4":"format-standard","5":"has-post-thumbnail","7":"category-strasbourg","8":"tag-actu","9":"tag-actualites","10":"tag-ecologie","11":"tag-environnement","12":"tag-etudiants","13":"tag-eu","14":"tag-europe","15":"tag-fr","16":"tag-france","17":"tag-grand-est","18":"tag-news","19":"tag-republique-francaise","20":"tag-societe","21":"tag-strasbourg"},"share_on_mastodon":{"url":"https:\/\/pubeurope.com\/@fr\/115830919425015956","error":""},"_links":{"self":[{"href":"https:\/\/www.europesays.com\/fr\/wp-json\/wp\/v2\/posts\/638174","targetHints":{"allow":["GET"]}}],"collection":[{"href":"https:\/\/www.europesays.com\/fr\/wp-json\/wp\/v2\/posts"}],"about":[{"href":"https:\/\/www.europesays.com\/fr\/wp-json\/wp\/v2\/types\/post"}],"author":[{"embeddable":true,"href":"https:\/\/www.europesays.com\/fr\/wp-json\/wp\/v2\/users\/2"}],"replies":[{"embeddable":true,"href":"https:\/\/www.europesays.com\/fr\/wp-json\/wp\/v2\/comments?post=638174"}],"version-history":[{"count":0,"href":"https:\/\/www.europesays.com\/fr\/wp-json\/wp\/v2\/posts\/638174\/revisions"}],"wp:featuredmedia":[{"embeddable":true,"href":"https:\/\/www.europesays.com\/fr\/wp-json\/wp\/v2\/media\/638175"}],"wp:attachment":[{"href":"https:\/\/www.europesays.com\/fr\/wp-json\/wp\/v2\/media?parent=638174"}],"wp:term":[{"taxonomy":"category","embeddable":true,"href":"https:\/\/www.europesays.com\/fr\/wp-json\/wp\/v2\/categories?post=638174"},{"taxonomy":"post_tag","embeddable":true,"href":"https:\/\/www.europesays.com\/fr\/wp-json\/wp\/v2\/tags?post=638174"}],"curies":[{"name":"wp","href":"https:\/\/api.w.org\/{rel}","templated":true}]}}