{"id":63818,"date":"2025-04-30T07:36:14","date_gmt":"2025-04-30T07:36:14","guid":{"rendered":"https:\/\/www.europesays.com\/fr\/63818\/"},"modified":"2025-04-30T07:36:14","modified_gmt":"2025-04-30T07:36:14","slug":"un-second-enfant-en-route-pour-carmella-et-corey-graves","status":"publish","type":"post","link":"https:\/\/www.europesays.com\/fr\/63818\/","title":{"rendered":"Un second enfant en route pour Carmella et Corey Graves"},"content":{"rendered":"<p>\u00a0<\/p>\n<p style=\"text-align: justify;\">Un second enfant attend Carmella et Corey Graves.<\/p>\n<p style=\"text-align: justify;\">En effet, le couple a annonc\u00e9 sur les r\u00e9seaux sociaux que Carmella \u00e9tait une nouvelle fois enceinte et qu&rsquo;ils attendent un second enfant pour cet automne. La publication Instagram est accompagn\u00e9e du texte :<\/p>\n<blockquote><p>&#13;<\/p>\n<p style=\"text-align: justify;\">\u00a0\u00bbTout \u00e7a dans un moment parfait&#8230; notre nouveau chapitre commence cet automne.\u00a0\u00bb<\/p>\n<p>&#13;\n<\/p><\/blockquote>\n<blockquote class=\"instagram-media\" data-instgrm-permalink=\"https:\/\/www.instagram.com\/p\/DJCT5p9APp4\/?utm_source=ig_embed&amp;utm_campaign=loading\" data-instgrm-version=\"14\" style=\" background:#FFF; border:0; border-radius:3px; box-shadow:0 0 1px 0 rgba(0,0,0,0.5),0 1px 10px 0 rgba(0,0,0,0.15); margin: 1px; max-width:658px; min-width:326px; padding:0; width:99.375%; width:-webkit-calc(100% - 2px); width:calc(100% - 2px);\"\/>\n<p style=\"text-align: justify;\">\u00a0<\/p>\n<p style=\"text-align: justify;\">Comme vous savez, Carmella n&rsquo;est plus \u00e0 la WWE depuis sa fin de contrat avec la compagnie. Donc il s&rsquo;agit en effet d&rsquo;un moment parfait pour prendre cong\u00e9 de ses projets pour devenir m\u00e8re une seconde fois.<\/p>\n<p style=\"text-align: justify;\">Il s&rsquo;agit d&rsquo;une bonne nouvelle pour le couple, il ne faut pas oublier que Carmella a souffert de fausses couches avant de r\u00e9ussi d&rsquo;avoir leur premier enfant en novembre 2023.<\/p>\n<p>F\u00e9licitations au couple !<\/p>\n<p>\u00a0<\/p>\n<p style=\"text-align: right;\">Cr\u00e9dit photo : @theleahvandale<\/p>\n<p>                    <script async src=\"\/\/www.instagram.com\/embed.js\"><\/script><\/p>\n","protected":false},"excerpt":{"rendered":"\u00a0 Un second enfant attend Carmella et Corey Graves. En effet, le couple a annonc\u00e9 sur les r\u00e9seaux&hellip;\n","protected":false},"author":2,"featured_media":63819,"comment_status":"","ping_status":"","sticky":false,"template":"","format":"standard","meta":{"footnotes":""},"categories":[1359],"tags":[16259,7039,1193,16260,58,59,1011,27,7998,2043,973,4717,2051],"class_list":{"0":"post-63818","1":"post","2":"type-post","3":"status-publish","4":"format-standard","5":"has-post-thumbnail","7":"category-people","8":"tag-bella","9":"tag-catch","10":"tag-couple","11":"tag-diva","12":"tag-divertissement","13":"tag-entertainment","14":"tag-fr","15":"tag-france","16":"tag-lutte","17":"tag-nouvelle","18":"tag-people","19":"tag-vie","20":"tag-wwe"},"share_on_mastodon":{"url":"https:\/\/pubeurope.com\/@fr\/114425771637865977","error":""},"_links":{"self":[{"href":"https:\/\/www.europesays.com\/fr\/wp-json\/wp\/v2\/posts\/63818","targetHints":{"allow":["GET"]}}],"collection":[{"href":"https:\/\/www.europesays.com\/fr\/wp-json\/wp\/v2\/posts"}],"about":[{"href":"https:\/\/www.europesays.com\/fr\/wp-json\/wp\/v2\/types\/post"}],"author":[{"embeddable":true,"href":"https:\/\/www.europesays.com\/fr\/wp-json\/wp\/v2\/users\/2"}],"replies":[{"embeddable":true,"href":"https:\/\/www.europesays.com\/fr\/wp-json\/wp\/v2\/comments?post=63818"}],"version-history":[{"count":0,"href":"https:\/\/www.europesays.com\/fr\/wp-json\/wp\/v2\/posts\/63818\/revisions"}],"wp:featuredmedia":[{"embeddable":true,"href":"https:\/\/www.europesays.com\/fr\/wp-json\/wp\/v2\/media\/63819"}],"wp:attachment":[{"href":"https:\/\/www.europesays.com\/fr\/wp-json\/wp\/v2\/media?parent=63818"}],"wp:term":[{"taxonomy":"category","embeddable":true,"href":"https:\/\/www.europesays.com\/fr\/wp-json\/wp\/v2\/categories?post=63818"},{"taxonomy":"post_tag","embeddable":true,"href":"https:\/\/www.europesays.com\/fr\/wp-json\/wp\/v2\/tags?post=63818"}],"curies":[{"name":"wp","href":"https:\/\/api.w.org\/{rel}","templated":true}]}}