{"id":638182,"date":"2026-01-03T11:28:14","date_gmt":"2026-01-03T11:28:14","guid":{"rendered":"https:\/\/www.europesays.com\/fr\/638182\/"},"modified":"2026-01-03T11:28:14","modified_gmt":"2026-01-03T11:28:14","slug":"quels-prenoms-ont-ete-les-plus-donnes-aux-bebes-en-2025","status":"publish","type":"post","link":"https:\/\/www.europesays.com\/fr\/638182\/","title":{"rendered":"quels pr\u00e9noms ont \u00e9t\u00e9 les plus donn\u00e9s aux b\u00e9b\u00e9s en 2025\u00a0?"},"content":{"rendered":"<p>                    Par<br \/>\n        <strong><br \/>\n            <a href=\"https:\/\/actu.fr\/auteur\/laure-gentil\" title=\"Consulter tous les articles de Laure Gentil\" target=\"_blank\" rel=\"noopener\">Laure Gentil<\/a><br \/>\n                    <\/strong><\/p>\n<p>        Publi\u00e9 le<\/p>\n<p>            3 janv. 2026 \u00e0 10h16        <\/p>\n<p>Le <b>nombre de naissances augmente <\/b>l\u00e9g\u00e8rement \u00e0 Nantes ! En 2025, <b>8 335 naissances<\/b> ont \u00e9t\u00e9 enregistr\u00e9es dans la cit\u00e9 des Ducs de Bretagne<b> contre 8 243 en 2024<\/b> et 8 305 en 2023.<\/p>\n<p class=\" wall-content\">Et, chaque ann\u00e9e, nous dressons un <b>palmar\u00e8s des pr\u00e9noms<\/b> les plus donn\u00e9s \u00e0 Nantes. Comment les Nantais ont-ils appel\u00e9 leurs b\u00e9b\u00e9s en 2025 ? L\u2019ann\u00e9e derni\u00e8re, Louise et Rapha\u00ebl \u00e9taient en t\u00eate de liste. Il semblerait qu\u2019ils aient perdu des places.<\/p>\n<p>Chez les gar\u00e7ons\u00a0<\/p>\n<ul class=\" wall-content\">\n<li>\u00a0<b>Louis<\/b> arrive en t\u00eate (49 b\u00e9b\u00e9s)<\/li>\n<\/ul>\n<p class=\" wall-content\">Louis vient du germain \u00ab\u00a0hold et wig\u00a0\u00bb qui signifient : \u00ab\u00a0illustre\u00a0\u00bb et \u00ab\u00a0combattant\u00a0\u00bb.\u00a0\u00a0<\/p>\n<ul class=\" wall-content\">\n<li><b>Gabriel <\/b>est en deuxi\u00e8me position (45 b\u00e9b\u00e9s)<\/li>\n<\/ul>\n<p class=\" wall-content\">Gabriel conserve sa deuxi\u00e8me place. Ce pr\u00e9nom vient de l\u2019h\u00e9breu \u00ab\u00a0gabur et el\u00a0\u00bb ce qui se traduit par : \u00ab\u00a0force de Dieu\u00a0\u00bb.<\/p>\n<p class=\" wall-content\">En troisi\u00e8me position, il y a L\u00e9on. Il vient, au m\u00eame titre que le pr\u00e9nom L\u00e9o, du terme latin \u00ab\u00a0leo\u00a0\u00bb qui signifie \u00a0\u00bb lion \u00ab\u00a0.\u00a0<\/p>\n<p>Votre r\u00e9gion, votre actu !<\/p>\n<p>Recevez chaque jour les infos qui comptent pour vous.<\/p>\n<p>\t<a href=\"https:\/\/actu.fr\/newsletter\" class=\"ac-btn ac-btn--corner ac-btn--medium ac-btn--blue800\" target=\"_blank\" rel=\"noopener\">S&rsquo;incrire<\/a><br \/>\nChez les\u00a0filles<\/p>\n<ul class=\" wall-content\">\n<li>\u00a0<b>Alice<\/b>\u00a0et\u00a0<b>Ad\u00e8le<\/b> se partagent la premi\u00e8re place (42 b\u00e9b\u00e9s)<\/li>\n<\/ul>\n<p class=\" wall-content\">Le pr\u00e9nom Ad\u00e8le est un d\u00e9riv\u00e9 du mot germanique \u00ab\u00a0adal\u00a0\u00bb qui signifie \u00ab\u00a0noble\u00a0\u00bb. Quant au pr\u00e9nom Alice, il vient du germanique \u00ab\u00a0Adalhaid\u00a0\u00bb qui a aussi donn\u00e9 Ad\u00e9la\u00efde. Il est compos\u00e9 de \u00ab\u00a0adal\u00a0\u00bb signifiant \u00ab\u00a0noble\u00a0\u00bb et \u00ab\u00a0haid\u00a0\u00bb qui veut dire \u00ab\u00a0apparence, nature\u00a0\u00bb. Il peut donc \u00eatre traduit comme \u00ab\u00a0de noble apparence\u00a0\u00bb.<\/p>\n<p class=\" wall-content\">Comme expliqu\u00e9 pr\u00e9c\u00e9demment, le pr\u00e9nom Louise et sa variante masculine Louis viennent du germain \u00ab\u00a0hold et wig\u00a0\u00bb qui signifient : \u00ab\u00a0illustre\u00a0\u00bb et \u00ab\u00a0combattant\u00a0\u00bb. Le pr\u00e9nom \u00e9tait \u00e0 la premi\u00e8re place en 2024.<\/p>\n<p class=\" wall-content\">Personnalisez votre actualit\u00e9 en ajoutant vos villes et m\u00e9dias en favori avec <a href=\"https:\/\/moncompte.actu.fr\" title=\"D\u00e9couvez Mon Actu\" rel=\"nofollow noopener\" data-trk=\"{&quot;cta&quot;:{&quot;action&quot;:&quot;https:\\\/\\\/moncompte.actu.fr&quot;,&quot;category&quot;:&quot;mon compte&quot;,&quot;from&quot;:&quot;article footer&quot;,&quot;name&quot;:&quot;Mon actu&quot;,&quot;type&quot;:&quot;cta&quot;}}\" target=\"_blank\">Mon Actu<\/a>.<\/p>\n","protected":false},"excerpt":{"rendered":"Par Laure Gentil Publi\u00e9 le 3 janv. 2026 \u00e0 10h16 Le nombre de naissances augmente l\u00e9g\u00e8rement \u00e0 Nantes&hellip;\n","protected":false},"author":2,"featured_media":638183,"comment_status":"","ping_status":"","sticky":false,"template":"","format":"standard","meta":{"footnotes":""},"categories":[2818],"tags":[1111,11,1719,1777,674,1011,27,766,12,2636,25,104],"class_list":{"0":"post-638182","1":"post","2":"type-post","3":"status-publish","4":"format-standard","5":"has-post-thumbnail","7":"category-nantes","8":"tag-actu","9":"tag-actualites","10":"tag-enfants","11":"tag-eu","12":"tag-europe","13":"tag-fr","14":"tag-france","15":"tag-nantes","16":"tag-news","17":"tag-pays-de-la-loire","18":"tag-republique-francaise","19":"tag-societe"},"share_on_mastodon":{"url":"https:\/\/pubeurope.com\/@fr\/115830935003790791","error":""},"_links":{"self":[{"href":"https:\/\/www.europesays.com\/fr\/wp-json\/wp\/v2\/posts\/638182","targetHints":{"allow":["GET"]}}],"collection":[{"href":"https:\/\/www.europesays.com\/fr\/wp-json\/wp\/v2\/posts"}],"about":[{"href":"https:\/\/www.europesays.com\/fr\/wp-json\/wp\/v2\/types\/post"}],"author":[{"embeddable":true,"href":"https:\/\/www.europesays.com\/fr\/wp-json\/wp\/v2\/users\/2"}],"replies":[{"embeddable":true,"href":"https:\/\/www.europesays.com\/fr\/wp-json\/wp\/v2\/comments?post=638182"}],"version-history":[{"count":0,"href":"https:\/\/www.europesays.com\/fr\/wp-json\/wp\/v2\/posts\/638182\/revisions"}],"wp:featuredmedia":[{"embeddable":true,"href":"https:\/\/www.europesays.com\/fr\/wp-json\/wp\/v2\/media\/638183"}],"wp:attachment":[{"href":"https:\/\/www.europesays.com\/fr\/wp-json\/wp\/v2\/media?parent=638182"}],"wp:term":[{"taxonomy":"category","embeddable":true,"href":"https:\/\/www.europesays.com\/fr\/wp-json\/wp\/v2\/categories?post=638182"},{"taxonomy":"post_tag","embeddable":true,"href":"https:\/\/www.europesays.com\/fr\/wp-json\/wp\/v2\/tags?post=638182"}],"curies":[{"name":"wp","href":"https:\/\/api.w.org\/{rel}","templated":true}]}}