{"id":638184,"date":"2026-01-03T11:29:14","date_gmt":"2026-01-03T11:29:14","guid":{"rendered":"https:\/\/www.europesays.com\/fr\/638184\/"},"modified":"2026-01-03T11:29:14","modified_gmt":"2026-01-03T11:29:14","slug":"nantes-del-castillo-dans-le-viseur-sports","status":"publish","type":"post","link":"https:\/\/www.europesays.com\/fr\/638184\/","title":{"rendered":"Nantes : Del Castillo dans le viseur : Sports"},"content":{"rendered":"<p class=\"date\">\n                                                            Emmanuel LANGELLIER, Media365, publi\u00e9 le samedi 03 janvier 2026 \u00e0 10h35\n                                                    <\/p>\n<p>Le FC Nantes aimerait poursuivre son mercato hivernal actif en s&rsquo;attachant les services du Brestois Romain Del Castillo.<\/p>\n<p>Mal en point, le FC Nantes occupe la 17e et avant-derni\u00e8re place du championnat apr\u00e8s 16 journ\u00e9es, \u00e0 \u00e9galit\u00e9 de points (11) avec Metz, lanterne rouge. Le Havre (15e) est \u00e0 4 longueurs. Et l&rsquo;ann\u00e9e 2026 risque de d\u00e9buter sans nouvelle(s) unit\u00e9(s) puisque les Canaris se rendent \u00e0 l&rsquo;Orange V\u00e9lodrome, dimanche (15h00), pour d\u00e9fier l&rsquo;Olympique de Marseille (3e)&#8230;<\/p>\n<p>Engag\u00e9s dans l&rsquo;op\u00e9ration maintien, les dirigeants nantais se mobilisent sur le mercato pour renforcer l&rsquo;\u00e9quipe. Ils ont d\u00e9j\u00e0 recrut\u00e9 Deiver Machado (joker), Ignatius Ganago et R\u00e9my Cabella (pr\u00eat\u00e9 par l&rsquo;Olympiakos) qui sera dans le groupe et pourrait donc affronter son ancien club marseillais, dimanche apr\u00e8s-midi, a annonc\u00e9 Ahmed Kantari, le coach des Jaunes. Pour la suite, Ibrahima Sissoko (Bochum), ancien du RC Strasbourg actuellement \u00e0 la CAN avec le Mali, et Zakaria Aboukhlal (Torino) pourraient d\u00e9barquer aussi.<\/p>\n<p>Brest ne veut pas se s\u00e9parer de Del Castillo<\/p>\n<p>Comme Romain Del Castillo. D&rsquo;apr\u00e8s les informations de L&rsquo;Equipe, le FCN s&rsquo;int\u00e9resse en effet au Brestois, encore sous contrat en Bretagne jusqu&rsquo;au 30 juin 2027. Les dirigeants des Canaris ont \u00ab pris la temp\u00e9rature \u00bb pour le talentueux gaucher de 29 ans qui a disput\u00e9 15 matchs en 2025-26 (6 buts) et le dossier n&rsquo;en est qu&rsquo;au tout d\u00e9but.<\/p>\n<p>Le Stade Brestois, 11e en Ligue 1, n&rsquo;a toutefois pas l&rsquo;intention de se s\u00e9parer de Del Castillo qui s&rsquo;\u00e9rige en meilleur artificier du club breton cette saison (6 r\u00e9alisations) et resterait concentr\u00e9 sur le projet finist\u00e9rien. Form\u00e9 \u00e0 l&rsquo;Olympique Lyonnais, l&rsquo;attaquant est arriv\u00e9 \u00e0 Brest durant l&rsquo;\u00e9t\u00e9 2021 apr\u00e8s 3 saisons \u00e0 Rennes, une \u00e0 N\u00eemes et une \u00e0 Bourg-en-Bresse.<\/p>\n<p>Il va falloir convaincre Brest<\/p>\n<p>Nantes devra apparemment se montrer tr\u00e8s convaincant aupr\u00e8s des dirigeants brestois pour s&rsquo;offrir Romain Del Castillo. Il faudra de solides arguments financiers a priori&#8230; Brest, qui demeure sur un revers \u00e0 Rennes (1-3) en championnat et une \u00e9limination en 32es de finale de la Coupe de France contre Avranches (1-1, 4-5 aux tirs au but), re\u00e7oit l&rsquo;AJ Auxerre (16e) dimanche apr\u00e8s-midi (17h15) lors de la 17e journ\u00e9e de Ligue 1.<\/p>\n","protected":false},"excerpt":{"rendered":"Emmanuel LANGELLIER, Media365, publi\u00e9 le samedi 03 janvier 2026 \u00e0 10h35 Le FC Nantes aimerait poursuivre son mercato&hellip;\n","protected":false},"author":2,"featured_media":638185,"comment_status":"","ping_status":"","sticky":false,"template":"","format":"standard","meta":{"footnotes":""},"categories":[2818],"tags":[1111,11,1777,674,1011,27,766,12,2636,25],"class_list":{"0":"post-638184","1":"post","2":"type-post","3":"status-publish","4":"format-standard","5":"has-post-thumbnail","7":"category-nantes","8":"tag-actu","9":"tag-actualites","10":"tag-eu","11":"tag-europe","12":"tag-fr","13":"tag-france","14":"tag-nantes","15":"tag-news","16":"tag-pays-de-la-loire","17":"tag-republique-francaise"},"share_on_mastodon":{"url":"https:\/\/pubeurope.com\/@fr\/115830938839628659","error":""},"_links":{"self":[{"href":"https:\/\/www.europesays.com\/fr\/wp-json\/wp\/v2\/posts\/638184","targetHints":{"allow":["GET"]}}],"collection":[{"href":"https:\/\/www.europesays.com\/fr\/wp-json\/wp\/v2\/posts"}],"about":[{"href":"https:\/\/www.europesays.com\/fr\/wp-json\/wp\/v2\/types\/post"}],"author":[{"embeddable":true,"href":"https:\/\/www.europesays.com\/fr\/wp-json\/wp\/v2\/users\/2"}],"replies":[{"embeddable":true,"href":"https:\/\/www.europesays.com\/fr\/wp-json\/wp\/v2\/comments?post=638184"}],"version-history":[{"count":0,"href":"https:\/\/www.europesays.com\/fr\/wp-json\/wp\/v2\/posts\/638184\/revisions"}],"wp:featuredmedia":[{"embeddable":true,"href":"https:\/\/www.europesays.com\/fr\/wp-json\/wp\/v2\/media\/638185"}],"wp:attachment":[{"href":"https:\/\/www.europesays.com\/fr\/wp-json\/wp\/v2\/media?parent=638184"}],"wp:term":[{"taxonomy":"category","embeddable":true,"href":"https:\/\/www.europesays.com\/fr\/wp-json\/wp\/v2\/categories?post=638184"},{"taxonomy":"post_tag","embeddable":true,"href":"https:\/\/www.europesays.com\/fr\/wp-json\/wp\/v2\/tags?post=638184"}],"curies":[{"name":"wp","href":"https:\/\/api.w.org\/{rel}","templated":true}]}}