{"id":638190,"date":"2026-01-03T11:33:16","date_gmt":"2026-01-03T11:33:16","guid":{"rendered":"https:\/\/www.europesays.com\/fr\/638190\/"},"modified":"2026-01-03T11:33:16","modified_gmt":"2026-01-03T11:33:16","slug":"en-images-crise-agricole-pres-de-120-agriculteurs-defilent-dans-les-rues-de-toulouse-ce-samedi-matin","status":"publish","type":"post","link":"https:\/\/www.europesays.com\/fr\/638190\/","title":{"rendered":"EN IMAGES &#8211; Crise agricole\u00a0: Pr\u00e8s de 120 agriculteurs d\u00e9filent dans les rues de Toulouse ce samedi matin"},"content":{"rendered":"<p>Pr\u00e8s de 120 agriculteurs d\u00e9filent ce samedi 3 janvier dans le centre-ville de Toulouse (Haute-Garonne). Une mobilisation \u00e0 l&rsquo;appel de l&rsquo;intersyndicale pour d\u00e9noncer la gestion de la dermatose nodulaire par le gouvernement. Le cort\u00e8ge est parti du Palais de justice un peu avant 11 heures. <\/p>\n<p>Des croix en bois d\u00e9pos\u00e9es sur les murs du Palais de justice de Toulouse. Les agriculteurs se mobilisent de nouveau ce samedi 3 janvier dans le centre-ville de Toulouse, <a class=\"IciLink ici-link IciArticleLink g-ici-body-regular-1 underline brand svelte-1chfe2s\" href=\"https:\/\/www.francebleu.fr\/infos\/agriculture-peche\/au-moins-150-agriculteurs-et-trois-tracteurs-attendus-a-toulouse-ce-samedi-9177207\" target=\"_blank\" rel=\"noopener\">\u00e0 l&rsquo;appel des quatre principaux syndicats agricoles<\/a>. <strong>Pr\u00e8s de 120 agriculteurs ont r\u00e9pondu pr\u00e9sent \u00e0 l&rsquo;appel<\/strong>, ils sont partis du Palais de justice un peu avant 11 heures direction les locaux de la Pr\u00e9fecture en passant par le Capitole.<\/p>\n<p> Des croix pour chaque bovin abattu dans le d\u00e9partement<\/p>\n<p>Les agriculteurs, accompagn\u00e9s de quelques tracteurs, sont venus avec des croix en bois. <strong>Chacune d&rsquo;elle symbolise un bovin abattu en Haute-Garonne<\/strong> \u00e0 cause de la dermatose nodulaire, comme l&rsquo;a expliqu\u00e9 quelques heures avant la mobilisation le pr\u00e9sident de la Coordination rurale du 31, Maxime Raud. Les agriculteurs ont d\u00e9pos\u00e9 quelques croix devant le Palais de justice, ils pr\u00e9voient d&rsquo;en d\u00e9poser aussi devant le Capitole et devant la Pr\u00e9fecture aussi.<\/p>\n<p> <img decoding=\"async\" src=\"https:\/\/www.europesays.com\/fr\/wp-content\/uploads\/2026\/01\/1767439994_656_1280.jpeg\" alt=\"illustration agrandir l'image\" style=\"--_image-preview:url('data:image\/jpeg;base64,\/9j\/2wBDACgcHiMeGSgjISMtKygwPGRBPDc3PHtYXUlkkYCZlo+AjIqgtObDoKrarYqMyP\/L2u71\/\/\/\/m8H\/\/\/\/6\/+b9\/\/j\/2wBDASstLTw1PHZBQXb4pYyl+Pj4+Pj4+Pj4+Pj4+Pj4+Pj4+Pj4+Pj4+Pj4+Pj4+Pj4+Pj4+Pj4+Pj4+Pj4+Pj4+Pj\/wAARCAAfACoDASIAAhEBAxEB\/8QAFwAAAwEAAAAAAAAAAAAAAAAAAAECA\/\/EABcQAQEBAQAAAAAAAAAAAAAAAAABEQL\/xAAVAQEBAAAAAAAAAAAAAAAAAAAAAf\/EABQRAQAAAAAAAAAAAAAAAAAAAAD\/2gAMAwEAAhEDEQA\/AJBBFXKuVlFSg2nStZSnqowh4cisFTgVhYIIekYP\/9k=');\" loading=\"lazy\" fetchpriority=\"low\" class=\"svelte-1cksh76 rounded\" onload=\"this.__e=event\" onerror=\"this.__e=event\"\/> Les quatre principaux syndicats agricoles de la Haute-Garonne ont appel\u00e9 \u00e0 la mobilisation ce samedi. \u00a9 Radio France &#8211; Cl\u00e9ment M\u00e9t\u00e9nier  <\/p>\n<p>La manifestation devrait avoir assez peu d&rsquo;incidence sur la circulation aujourd&rsquo;hui. Mais les agriculteurs pr\u00e9viennent qu&rsquo;il pourrait y avoir d&rsquo;autres actions prochainement. Le pr\u00e9sident de la chambre d\u2019agriculture du Gers a fait savoir que le barrage de la RN20 pourrait se d\u00e9placer vers Toulouse. \u00ab\u00a0Les tracteurs d\u00e9marreront depuis le Gers pour aller rejoindre Toulouse le 7 janvier. Cela est notre dernier combat et si nous le perdons,\u00a0<strong>les agriculteurs cr\u00e8veront en silence<\/strong>\u00ab\u00a0,\u00a0d\u00e9taille Lionel Candelon.<\/p>\n<p> <img decoding=\"async\" src=\"https:\/\/www.europesays.com\/fr\/wp-content\/uploads\/2026\/01\/1767439995_603_1280.jpeg\" alt=\"illustration agrandir l'image\" style=\"--_image-preview:url('data:image\/jpeg;base64,\/9j\/2wBDACgcHiMeGSgjISMtKygwPGRBPDc3PHtYXUlkkYCZlo+AjIqgtObDoKrarYqMyP\/L2u71\/\/\/\/m8H\/\/\/\/6\/+b9\/\/j\/2wBDASstLTw1PHZBQXb4pYyl+Pj4+Pj4+Pj4+Pj4+Pj4+Pj4+Pj4+Pj4+Pj4+Pj4+Pj4+Pj4+Pj4+Pj4+Pj4+Pj4+Pj\/wAARCAAfACoDASIAAhEBAxEB\/8QAFwAAAwEAAAAAAAAAAAAAAAAAAAECA\/\/EABgQAQEBAQEAAAAAAAAAAAAAAAARARIC\/8QAFgEBAQEAAAAAAAAAAAAAAAAAAQAC\/8QAFhEBAQEAAAAAAAAAAAAAAAAAAAER\/9oADAMBAAIRAxEAPwDTodMui6Ba76Tvpn0KkqiporNKd0qWkYqqmWHCAYAxP\/\/Z');\" loading=\"lazy\" fetchpriority=\"low\" class=\"svelte-1cksh76 rounded\" onload=\"this.__e=event\" onerror=\"this.__e=event\"\/> Les agriculteurs sont venus avec 106 croix en bois, repr\u00e9sentants les 106 bovins abattus en Haute-Garonne \u00e0 cause de la dermatose nodulaire. \u00a9 Radio France &#8211; Cl\u00e9ment M\u00e9t\u00e9nier  \u00c0 lire aussi   <img decoding=\"async\" src=\"https:\/\/www.europesays.com\/fr\/wp-content\/uploads\/2026\/01\/1767439996_533_400x400.jpeg\" alt=\"\" style=\"--_image-preview:url('data:image\/jpeg;base64,\/9j\/2wBDACgcHiMeGSgjISMtKygwPGRBPDc3PHtYXUlkkYCZlo+AjIqgtObDoKrarYqMyP\/L2u71\/\/\/\/m8H\/\/\/\/6\/+b9\/\/j\/2wBDASstLTw1PHZBQXb4pYyl+Pj4+Pj4+Pj4+Pj4+Pj4+Pj4+Pj4+Pj4+Pj4+Pj4+Pj4+Pj4+Pj4+Pj4+Pj4+Pj4+Pj\/wAARCAAXACoDASIAAhEBAxEB\/8QAFwABAQEBAAAAAAAAAAAAAAAAAQACA\/\/EABYQAQEBAAAAAAAAAAAAAAAAAAABEf\/EABYBAQEBAAAAAAAAAAAAAAAAAAABA\/\/EABYRAQEBAAAAAAAAAAAAAAAAAAABEf\/aAAwDAQACEQMRAD8A42s2jQykaaqCFxDDrK1QlJUWBIBQkD\/\/2Q==');\" loading=\"lazy\" fetchpriority=\"low\" aria-hidden=\"true\" class=\"svelte-1cksh76 rounded\" onload=\"this.__e=event\" onerror=\"this.__e=event\"\/>\u00c0 lire aussi   <img decoding=\"async\" src=\"https:\/\/www.europesays.com\/fr\/wp-content\/uploads\/2026\/01\/1767439996_11_400x400.jpeg\" alt=\"\" style=\"--_image-preview:url('data:image\/jpeg;base64,\/9j\/2wBDACgcHiMeGSgjISMtKygwPGRBPDc3PHtYXUlkkYCZlo+AjIqgtObDoKrarYqMyP\/L2u71\/\/\/\/m8H\/\/\/\/6\/+b9\/\/j\/2wBDASstLTw1PHZBQXb4pYyl+Pj4+Pj4+Pj4+Pj4+Pj4+Pj4+Pj4+Pj4+Pj4+Pj4+Pj4+Pj4+Pj4+Pj4+Pj4+Pj4+Pj\/wAARCAAXACoDASIAAhEBAxEB\/8QAGAABAQEBAQAAAAAAAAAAAAAAAAEDBAL\/xAAZEAEBAQEBAQAAAAAAAAAAAAAAERICARP\/xAAWAQEBAQAAAAAAAAAAAAAAAAABAAL\/xAAVEQEBAAAAAAAAAAAAAAAAAAAAAf\/aAAwDAQACEQMRAD8Az2u3Po2zGnT9E97c+zZTTrpnU96eaklSgIqlKBC0oBp\/\/9k=');\" loading=\"lazy\" fetchpriority=\"low\" aria-hidden=\"true\" class=\"svelte-1cksh76 rounded\" onload=\"this.__e=event\" onerror=\"this.__e=event\"\/><\/p>\n","protected":false},"excerpt":{"rendered":"Pr\u00e8s de 120 agriculteurs d\u00e9filent ce samedi 3 janvier dans le centre-ville de Toulouse (Haute-Garonne). Une mobilisation \u00e0&hellip;\n","protected":false},"author":2,"featured_media":638191,"comment_status":"","ping_status":"","sticky":false,"template":"","format":"standard","meta":{"footnotes":""},"categories":[2816],"tags":[1111,11,1777,674,1011,27,12,2680,25,2312],"class_list":{"0":"post-638190","1":"post","2":"type-post","3":"status-publish","4":"format-standard","5":"has-post-thumbnail","7":"category-toulouse","8":"tag-actu","9":"tag-actualites","10":"tag-eu","11":"tag-europe","12":"tag-fr","13":"tag-france","14":"tag-news","15":"tag-occitanie","16":"tag-republique-francaise","17":"tag-toulouse"},"share_on_mastodon":{"url":"https:\/\/pubeurope.com\/@fr\/115830954767757864","error":""},"_links":{"self":[{"href":"https:\/\/www.europesays.com\/fr\/wp-json\/wp\/v2\/posts\/638190","targetHints":{"allow":["GET"]}}],"collection":[{"href":"https:\/\/www.europesays.com\/fr\/wp-json\/wp\/v2\/posts"}],"about":[{"href":"https:\/\/www.europesays.com\/fr\/wp-json\/wp\/v2\/types\/post"}],"author":[{"embeddable":true,"href":"https:\/\/www.europesays.com\/fr\/wp-json\/wp\/v2\/users\/2"}],"replies":[{"embeddable":true,"href":"https:\/\/www.europesays.com\/fr\/wp-json\/wp\/v2\/comments?post=638190"}],"version-history":[{"count":0,"href":"https:\/\/www.europesays.com\/fr\/wp-json\/wp\/v2\/posts\/638190\/revisions"}],"wp:featuredmedia":[{"embeddable":true,"href":"https:\/\/www.europesays.com\/fr\/wp-json\/wp\/v2\/media\/638191"}],"wp:attachment":[{"href":"https:\/\/www.europesays.com\/fr\/wp-json\/wp\/v2\/media?parent=638190"}],"wp:term":[{"taxonomy":"category","embeddable":true,"href":"https:\/\/www.europesays.com\/fr\/wp-json\/wp\/v2\/categories?post=638190"},{"taxonomy":"post_tag","embeddable":true,"href":"https:\/\/www.europesays.com\/fr\/wp-json\/wp\/v2\/tags?post=638190"}],"curies":[{"name":"wp","href":"https:\/\/api.w.org\/{rel}","templated":true}]}}