{"id":638199,"date":"2026-01-03T11:39:17","date_gmt":"2026-01-03T11:39:17","guid":{"rendered":"https:\/\/www.europesays.com\/fr\/638199\/"},"modified":"2026-01-03T11:39:17","modified_gmt":"2026-01-03T11:39:17","slug":"50-kilometres-de-bouchons-en-direction-de-lyon","status":"publish","type":"post","link":"https:\/\/www.europesays.com\/fr\/638199\/","title":{"rendered":"50 kilom\u00e8tres de bouchons en direction de Lyon"},"content":{"rendered":"<p>Les automobilistes vont devoir s&rsquo;armer de courage\u00a0!\u00a0Bison Fut\u00e9 indique\u00a0d\u00e9j\u00e0\u00a0plus de\u00a040 kilom\u00e8tres de bouchons en direction de Lyon.\u00a0<\/p>\n<p>Il y a 10 kilom\u00e8tres de bouchons entre Archamps et Viry (Haute-Savoie), dans le sens Tunnel du Mont-Blanc &#8211; M\u00e2con.<\/p>\n<p>Plus au sud,\u00a0pas moins de 12\u00a0 kilom\u00e8tres de ralentissements \u00e9galement entre Bourgneuf et Planaise (Savoie), pour aller vers Lyon. Dans le m\u00eame d\u00e9partement, la circulation se complique \u00e0 La Motte-Servolex, pr\u00e8s de Chamb\u00e9ry, avec presque 5 kilom\u00e8tres de bouchons.<\/p>\n<p>Enfin, en Is\u00e8re, 4 kilom\u00e8tres de bouchons avant la Tour-du-Pin, entre Saint-Andr\u00e9-le-Gaz et Saint-Didier-de-la-Tour, ainsi qu&rsquo;une dizaine de kilom\u00e8tres de bouchons entre Bourgoin-Jallieu et Saint-Quentin-Fallavier, toujours l&rsquo;A43 en direction de Lyon.<\/p>\n","protected":false},"excerpt":{"rendered":"Les automobilistes vont devoir s&rsquo;armer de courage\u00a0!\u00a0Bison Fut\u00e9 indique\u00a0d\u00e9j\u00e0\u00a0plus de\u00a040 kilom\u00e8tres de bouchons en direction de Lyon.\u00a0 Il&hellip;\n","protected":false},"author":2,"featured_media":638200,"comment_status":"","ping_status":"","sticky":false,"template":"","format":"standard","meta":{"footnotes":""},"categories":[1889],"tags":[1111,11,2738,4646,2430,3542,2730,1777,674,107,1011,27,329,4522,4638,881,108,2428,12,25,5508,2803,4520],"class_list":{"0":"post-638199","1":"post","2":"type-post","3":"status-publish","4":"format-standard","5":"has-post-thumbnail","7":"category-lyon","8":"tag-actu","9":"tag-actualites","10":"tag-ain","11":"tag-ardeche","12":"tag-auvergne-rhone-alpes","13":"tag-circulation","14":"tag-drome","15":"tag-eu","16":"tag-europe","17":"tag-fil-info","18":"tag-fr","19":"tag-france","20":"tag-france-monde","21":"tag-haute-provence","22":"tag-haute-savoie","23":"tag-hautes-alpes","24":"tag-isere","25":"tag-lyon","26":"tag-news","27":"tag-republique-francaise","28":"tag-savoie","29":"tag-transport","30":"tag-vaucluse"},"share_on_mastodon":{"url":"https:\/\/pubeurope.com\/@fr\/115830978141528836","error":""},"_links":{"self":[{"href":"https:\/\/www.europesays.com\/fr\/wp-json\/wp\/v2\/posts\/638199","targetHints":{"allow":["GET"]}}],"collection":[{"href":"https:\/\/www.europesays.com\/fr\/wp-json\/wp\/v2\/posts"}],"about":[{"href":"https:\/\/www.europesays.com\/fr\/wp-json\/wp\/v2\/types\/post"}],"author":[{"embeddable":true,"href":"https:\/\/www.europesays.com\/fr\/wp-json\/wp\/v2\/users\/2"}],"replies":[{"embeddable":true,"href":"https:\/\/www.europesays.com\/fr\/wp-json\/wp\/v2\/comments?post=638199"}],"version-history":[{"count":0,"href":"https:\/\/www.europesays.com\/fr\/wp-json\/wp\/v2\/posts\/638199\/revisions"}],"wp:featuredmedia":[{"embeddable":true,"href":"https:\/\/www.europesays.com\/fr\/wp-json\/wp\/v2\/media\/638200"}],"wp:attachment":[{"href":"https:\/\/www.europesays.com\/fr\/wp-json\/wp\/v2\/media?parent=638199"}],"wp:term":[{"taxonomy":"category","embeddable":true,"href":"https:\/\/www.europesays.com\/fr\/wp-json\/wp\/v2\/categories?post=638199"},{"taxonomy":"post_tag","embeddable":true,"href":"https:\/\/www.europesays.com\/fr\/wp-json\/wp\/v2\/tags?post=638199"}],"curies":[{"name":"wp","href":"https:\/\/api.w.org\/{rel}","templated":true}]}}