{"id":638207,"date":"2026-01-03T11:44:11","date_gmt":"2026-01-03T11:44:11","guid":{"rendered":"https:\/\/www.europesays.com\/fr\/638207\/"},"modified":"2026-01-03T11:44:11","modified_gmt":"2026-01-03T11:44:11","slug":"inedit-et-emouvant-30-ans-apres-sa-mort-des-photos-de-robert-doisneau-prises-a-gentilly-sortent-de-loubli","status":"publish","type":"post","link":"https:\/\/www.europesays.com\/fr\/638207\/","title":{"rendered":"\u00ab\u00a0In\u00e9dit et \u00e9mouvant\u00a0\u00bb\u00a0: 30\u00a0ans apr\u00e8s sa mort, des photos de Robert Doisneau prises \u00e0 Gentilly sortent de l\u2019oubli"},"content":{"rendered":"<p class=\"paragraph text_align_left lp-f-body-02\">Au num\u00e9ro 1 de la rue de la Division-du-G\u00e9n\u00e9ral-Leclerc, o\u00f9 la Maison de la photographie porte son nom. Sur la devanture de la m\u00e9diath\u00e8que, o\u00f9 un tr\u00e8s grand portrait de lui est affich\u00e9. Au num\u00e9ro 39 de l\u2019avenue Raspail, o\u00f9 il est n\u00e9. Sur <a href=\"https:\/\/www.leparisien.fr\/val-de-marne-94\/elle-est-la-sous-nos-pieds-gentilly-reve-de-voir-couler-a-nouveau-la-bievre-30-07-2025-HTF7KJEXOJHBBAUI24BGTWIJTA.php\" target=\"_self\" rel=\"noopener\">le parcours enfoui de la Bi\u00e8vre<\/a>, qu\u2019il a prise en photo\u2026 La liste est tr\u00e8s longue : le c\u00e9l\u00e8bre photographe <a href=\"https:\/\/www.leparisien.fr\/culture-loisirs\/sortir-region-parisienne\/exposition-robert-doisneau-un-resistant-a-sa-facon-avec-son-appareil-photo-28-10-2023-36NQ2IWKDRCPRAV57OI2Q75RUY.php\" target=\"_blank\" rel=\"noreferrer noopener\">Robert Doisneau<\/a> est partout \u00e0 <a href=\"https:\/\/www.leparisien.fr\/val-de-marne-94\/gentilly-94250\/\" target=\"_self\" rel=\"noopener\">Gentilly<\/a> (<a href=\"https:\/\/www.leparisien.fr\/val-de-marne-94\/\" target=\"_blank\" rel=\"noreferrer noopener\">Val-de-Marne<\/a>).<\/p>\n<p class=\"\">Dans une exposition pr\u00e9sent\u00e9e jusqu\u2019au 15 f\u00e9vrier, l\u2019\u00e9quipe de la Maison Doisneau en fait la d\u00e9monstration. La Soci\u00e9t\u00e9 d\u2019histoire de Gentilly (SHG) \u00e9galement, en proposant \u00e0 cette occasion de partir sur les pas de l\u2019artiste, au d\u00e9part justement de la Maison de la photographie.<\/p>\n","protected":false},"excerpt":{"rendered":"Au num\u00e9ro 1 de la rue de la Division-du-G\u00e9n\u00e9ral-Leclerc, o\u00f9 la Maison de la photographie porte son nom.&hellip;\n","protected":false},"author":2,"featured_media":638208,"comment_status":"","ping_status":"","sticky":false,"template":"","format":"standard","meta":{"footnotes":""},"categories":[1888],"tags":[11,872,1777,674,1011,27,1944,12,626,25,1125],"class_list":{"0":"post-638207","1":"post","2":"type-post","3":"status-publish","4":"format-standard","5":"has-post-thumbnail","7":"category-paris","8":"tag-actualites","9":"tag-culture-et-loisirs","10":"tag-eu","11":"tag-europe","12":"tag-fr","13":"tag-france","14":"tag-ma-ville","15":"tag-news","16":"tag-paris","17":"tag-republique-francaise","18":"tag-val-de-marne"},"share_on_mastodon":{"url":"https:\/\/pubeurope.com\/@fr\/115830997911556136","error":""},"_links":{"self":[{"href":"https:\/\/www.europesays.com\/fr\/wp-json\/wp\/v2\/posts\/638207","targetHints":{"allow":["GET"]}}],"collection":[{"href":"https:\/\/www.europesays.com\/fr\/wp-json\/wp\/v2\/posts"}],"about":[{"href":"https:\/\/www.europesays.com\/fr\/wp-json\/wp\/v2\/types\/post"}],"author":[{"embeddable":true,"href":"https:\/\/www.europesays.com\/fr\/wp-json\/wp\/v2\/users\/2"}],"replies":[{"embeddable":true,"href":"https:\/\/www.europesays.com\/fr\/wp-json\/wp\/v2\/comments?post=638207"}],"version-history":[{"count":0,"href":"https:\/\/www.europesays.com\/fr\/wp-json\/wp\/v2\/posts\/638207\/revisions"}],"wp:featuredmedia":[{"embeddable":true,"href":"https:\/\/www.europesays.com\/fr\/wp-json\/wp\/v2\/media\/638208"}],"wp:attachment":[{"href":"https:\/\/www.europesays.com\/fr\/wp-json\/wp\/v2\/media?parent=638207"}],"wp:term":[{"taxonomy":"category","embeddable":true,"href":"https:\/\/www.europesays.com\/fr\/wp-json\/wp\/v2\/categories?post=638207"},{"taxonomy":"post_tag","embeddable":true,"href":"https:\/\/www.europesays.com\/fr\/wp-json\/wp\/v2\/tags?post=638207"}],"curies":[{"name":"wp","href":"https:\/\/api.w.org\/{rel}","templated":true}]}}