{"id":638211,"date":"2026-01-03T11:46:16","date_gmt":"2026-01-03T11:46:16","guid":{"rendered":"https:\/\/www.europesays.com\/fr\/638211\/"},"modified":"2026-01-03T11:46:16","modified_gmt":"2026-01-03T11:46:16","slug":"gazprom-le-geant-russe-du-gaz-voit-ses-exportations-chuter-lourdement","status":"publish","type":"post","link":"https:\/\/www.europesays.com\/fr\/638211\/","title":{"rendered":"Gazprom, le g\u00e9ant russe du gaz, voit ses exportations chuter lourdement"},"content":{"rendered":"<p>                     <img loading=\"lazy\" decoding=\"async\" src=\"https:\/\/www.europesays.com\/fr\/wp-content\/uploads\/2026\/01\/63c77f9_ftp-import-images-1-mm1xt84ax84p-2025-10-09t065703z-233701966-rc2r7ha3o3he-rtrmadp-3-us-sanc.jpeg\" alt=\"A Belgrade, en Serbie, le 8\u00a0octobre 2025.\"   width=\"664\" height=\"443\"\/>    A Belgrade, en Serbie, le 8\u00a0octobre 2025.  MARKO DJURICA \/ REUTERS                 <\/p>\n<p class=\"article__paragraph  \">Affaibli depuis l\u2019invasion de l\u2019Ukraine en f\u00e9vrier\u00a02022, Gazprom, le g\u00e9ant russe du gaz, voit son emprise sur le march\u00e9 europ\u00e9en diminuer graduellement au fil des ans. Rien qu\u2019en\u00a02025, ses exportations vers l\u2019Europe, via les gazoducs, ont chut\u00e9 de 44\u00a0%, les flux \u00e9tant tomb\u00e9s \u00e0 18\u00a0milliards de m\u00e8tres cubes par an. Une mis\u00e8re, si l\u2019on compare ces volumes aux quantit\u00e9s export\u00e9es avant 2022, quand 180\u00a0milliards de m\u00e8tres cubes \u00e9taient livr\u00e9s chaque ann\u00e9e aux consommateurs europ\u00e9ens.<\/p>\n<p class=\"article__paragraph  \">\u00ab\u00a0La chute des exportations vers l\u2019Europe en\u00a02025 est essentiellement due au fait que l\u2019Ukraine a ferm\u00e9 le gazoduc qui transitait par son territoire\u00a0\u00bb, rappelle Sergey Vakulenko, chercheur principal au Centre Russie-Eurasie de la Fondation Carnegie \u00e0 Berlin.<\/p>\n<p class=\"article__paragraph  \">Le 1er\u00a0janvier\u00a02025, <a href=\"https:\/\/www.lemonde.fr\/economie\/article\/2025\/01\/01\/la-fin-du-transit-du-gaz-russe-par-l-ukraine-met-l-ue-sous-pression_6476366_3234.html\" target=\"_blank\" rel=\"noopener\">Kiev mettait un terme aux livraisons de gaz russe \u00e0 l\u2019Europe centrale en fermant le pipeline qui acheminait le gaz \u00e0 travers le territoire ukrainien<\/a>, apr\u00e8s le non-renouvellement de l\u2019accord russo-ukrainien de transit arriv\u00e9 \u00e0 expiration quelques jours plus t\u00f4t. Actuellement, ce gazoduc, du nom de \u00ab\u00a0Bratstvo\u00a0\u00bb (\u00ab\u00a0fraternit\u00e9\u00a0\u00bb), est vide, plus une goutte de gaz n\u2019y circule. Le seul itin\u00e9raire restant pour le gaz russe vers l\u2019Europe, essentiellement destin\u00e9 \u00e0 la Hongrie et la Slovaquie, est le TurkStream, un pipeline qui passe par la Turquie, par lequel 18\u00a0milliards de m\u00e8tres cubes ont \u00e9t\u00e9 transport\u00e9s en\u00a02025.<\/p>\n<p class=\"reading-mode-only \"><strong>Il vous reste 77.12% de cet article \u00e0 lire. La suite est r\u00e9serv\u00e9e aux abonn\u00e9s.<\/strong><\/p>\n","protected":false},"excerpt":{"rendered":"A Belgrade, en Serbie, le 8\u00a0octobre 2025. MARKO DJURICA \/ REUTERS Affaibli depuis l\u2019invasion de l\u2019Ukraine en f\u00e9vrier\u00a02022,&hellip;\n","protected":false},"author":2,"featured_media":638212,"comment_status":"","ping_status":"","sticky":false,"template":"","format":"standard","meta":{"footnotes":""},"categories":[1591],"tags":[11,1887,12,1885,1886,132],"class_list":{"0":"post-638211","1":"post","2":"type-post","3":"status-publish","4":"format-standard","5":"has-post-thumbnail","7":"category-russie","8":"tag-actualites","9":"tag-federation-de-russie","10":"tag-news","11":"tag-russia","12":"tag-russian-federation","13":"tag-russie"},"share_on_mastodon":{"url":"https:\/\/pubeurope.com\/@fr\/115831005809794775","error":""},"_links":{"self":[{"href":"https:\/\/www.europesays.com\/fr\/wp-json\/wp\/v2\/posts\/638211","targetHints":{"allow":["GET"]}}],"collection":[{"href":"https:\/\/www.europesays.com\/fr\/wp-json\/wp\/v2\/posts"}],"about":[{"href":"https:\/\/www.europesays.com\/fr\/wp-json\/wp\/v2\/types\/post"}],"author":[{"embeddable":true,"href":"https:\/\/www.europesays.com\/fr\/wp-json\/wp\/v2\/users\/2"}],"replies":[{"embeddable":true,"href":"https:\/\/www.europesays.com\/fr\/wp-json\/wp\/v2\/comments?post=638211"}],"version-history":[{"count":0,"href":"https:\/\/www.europesays.com\/fr\/wp-json\/wp\/v2\/posts\/638211\/revisions"}],"wp:featuredmedia":[{"embeddable":true,"href":"https:\/\/www.europesays.com\/fr\/wp-json\/wp\/v2\/media\/638212"}],"wp:attachment":[{"href":"https:\/\/www.europesays.com\/fr\/wp-json\/wp\/v2\/media?parent=638211"}],"wp:term":[{"taxonomy":"category","embeddable":true,"href":"https:\/\/www.europesays.com\/fr\/wp-json\/wp\/v2\/categories?post=638211"},{"taxonomy":"post_tag","embeddable":true,"href":"https:\/\/www.europesays.com\/fr\/wp-json\/wp\/v2\/tags?post=638211"}],"curies":[{"name":"wp","href":"https:\/\/api.w.org\/{rel}","templated":true}]}}