{"id":638213,"date":"2026-01-03T11:47:22","date_gmt":"2026-01-03T11:47:22","guid":{"rendered":"https:\/\/www.europesays.com\/fr\/638213\/"},"modified":"2026-01-03T11:47:22","modified_gmt":"2026-01-03T11:47:22","slug":"ukraine-des-conseillers-en-securite-des-allies-europeens-et-de-lotan-sont-arrives-a-kiev-pour-continuer-les-negociations","status":"publish","type":"post","link":"https:\/\/www.europesays.com\/fr\/638213\/","title":{"rendered":"Ukraine\u00a0: des conseillers en s\u00e9curit\u00e9 des alli\u00e9s europ\u00e9ens et de l\u2019Otan sont arriv\u00e9s \u00e0 Kiev pour continuer les n\u00e9gociations"},"content":{"rendered":"<p>\u00ab\u00a0Des conseillers \u00e0 la s\u00e9curit\u00e9 nationale de pays europ\u00e9ens sont arriv\u00e9s \u00e0 Kiev\u00a0\u00bb, a d\u00e9clar\u00e9 le n\u00e9gociateur en chef de l\u2019Ukraine, Roustem Oumerov, dans un message sur Telegram. \u00ab\u00a0Une journ\u00e9e de travail charg\u00e9e nous attend\u00a0: questions de s\u00e9curit\u00e9 et d\u2019\u00e9conomie, \u00e9laboration de documents cadres, <a href=\"https:\/\/www.rtbf.be\/article\/guerre-en-ukraine-trump-se-dit-plus-pres-que-jamais-d-un-accord-sans-annoncer-de-percee-11654041\" target=\"_blank\" rel=\"noopener\">coordination des prochaines \u00e9tapes avec nos partenaires<\/a>\u00ab\u00a0, a-t-il ajout\u00e9.<br \/>\u00a0<\/p>\n","protected":false},"excerpt":{"rendered":"\u00ab\u00a0Des conseillers \u00e0 la s\u00e9curit\u00e9 nationale de pays europ\u00e9ens sont arriv\u00e9s \u00e0 Kiev\u00a0\u00bb, a d\u00e9clar\u00e9 le n\u00e9gociateur en&hellip;\n","protected":false},"author":2,"featured_media":638214,"comment_status":"","ping_status":"","sticky":false,"template":"","format":"standard","meta":{"footnotes":""},"categories":[1590],"tags":[11,1777,674,12,220],"class_list":{"0":"post-638213","1":"post","2":"type-post","3":"status-publish","4":"format-standard","5":"has-post-thumbnail","7":"category-ukraine","8":"tag-actualites","9":"tag-eu","10":"tag-europe","11":"tag-news","12":"tag-ukraine"},"share_on_mastodon":{"url":"https:\/\/pubeurope.com\/@fr\/115831009709392334","error":""},"_links":{"self":[{"href":"https:\/\/www.europesays.com\/fr\/wp-json\/wp\/v2\/posts\/638213","targetHints":{"allow":["GET"]}}],"collection":[{"href":"https:\/\/www.europesays.com\/fr\/wp-json\/wp\/v2\/posts"}],"about":[{"href":"https:\/\/www.europesays.com\/fr\/wp-json\/wp\/v2\/types\/post"}],"author":[{"embeddable":true,"href":"https:\/\/www.europesays.com\/fr\/wp-json\/wp\/v2\/users\/2"}],"replies":[{"embeddable":true,"href":"https:\/\/www.europesays.com\/fr\/wp-json\/wp\/v2\/comments?post=638213"}],"version-history":[{"count":0,"href":"https:\/\/www.europesays.com\/fr\/wp-json\/wp\/v2\/posts\/638213\/revisions"}],"wp:featuredmedia":[{"embeddable":true,"href":"https:\/\/www.europesays.com\/fr\/wp-json\/wp\/v2\/media\/638214"}],"wp:attachment":[{"href":"https:\/\/www.europesays.com\/fr\/wp-json\/wp\/v2\/media?parent=638213"}],"wp:term":[{"taxonomy":"category","embeddable":true,"href":"https:\/\/www.europesays.com\/fr\/wp-json\/wp\/v2\/categories?post=638213"},{"taxonomy":"post_tag","embeddable":true,"href":"https:\/\/www.europesays.com\/fr\/wp-json\/wp\/v2\/tags?post=638213"}],"curies":[{"name":"wp","href":"https:\/\/api.w.org\/{rel}","templated":true}]}}