{"id":638215,"date":"2026-01-03T11:48:21","date_gmt":"2026-01-03T11:48:21","guid":{"rendered":"https:\/\/www.europesays.com\/fr\/638215\/"},"modified":"2026-01-03T11:48:21","modified_gmt":"2026-01-03T11:48:21","slug":"atteinte-a-la-souverainete-profondement-preoccupant-et-condamnable-desescalade-des-chefs-detats-reagissent-a-lattaque-des-usa-au-venezuela","status":"publish","type":"post","link":"https:\/\/www.europesays.com\/fr\/638215\/","title":{"rendered":"\u00ab\u00a0Atteinte \u00e0 la souverainet\u00e9\u00a0\u00bb, \u00ab\u00a0profond\u00e9ment pr\u00e9occupant et condamnable\u00a0\u00bb, d\u00e9sescalade\u00a0\u00bb : des chefs d&rsquo;Etats r\u00e9agissent \u00e0 l&rsquo;attaque des USA au Venezuela"},"content":{"rendered":"<p class=\"ap-StoryElement ap-StoryElement--mb ap-StoryText\">Voici les r\u00e9actions internationales \u00e0 cette attaque de Washington, a priori termin\u00e9e selon un s\u00e9nateur am\u00e9ricain.<\/p>\n<p><a href=\"https:\/\/www.dhnet.be\/actu\/monde\/2026\/01\/03\/direct-de-fortes-explosions-ont-secoue-la-capitale-du-venezuela-secouee-en-pleine-nuite-EJ5FAVWNINDPNBHZEM4ROLBEZA\/\" target=\"_self\" class=\"ap-StoryInterstitialLink ap-StoryElement ap-StoryElement--mb\" rel=\"noopener\">DIRECT: Trump annonce que Maduro a \u00e9t\u00e9 \u00ab\u00a0captur\u00e9 et exfiltr\u00e9\u00a0\u00bb avec son \u00e9pouse, la vice-pr\u00e9sidente du Venezuela exige \u00ab\u00a0une preuve de vie\u00a0\u00bb aux USA<\/a>Colombie<\/p>\n<p class=\"ap-StoryElement ap-StoryElement--mb ap-StoryText\">La Colombie a annonc\u00e9 le d\u00e9ploiement de troupes \u00e0 sa fronti\u00e8re avec le Venezuela.<\/p>\n<p class=\"ap-StoryElement ap-StoryElement--mb ap-StoryText\">Le pr\u00e9sident colombien Gustavo Petro, proche de Nicolas Maduro, a d\u00e9nonc\u00e9 une attaque am\u00e9ricaine aux \u00ab\u00a0missiles\u00a0\u00bb contre Caracas, qualifi\u00e9 les actions de Washington d'\u00a0\u00bbatteinte \u00e0 la souverainet\u00e9\u00a0\u00bb de l&rsquo;Am\u00e9rique latine et d\u00e9clar\u00e9 qu&rsquo;elles entra\u00eeneraient une crise humanitaire.<\/p>\n<p class=\"ap-StoryElement ap-StoryElement--mb ap-StoryText\">\u00ab\u00a0Alerte g\u00e9n\u00e9rale, ils ont attaqu\u00e9 le Venezuela\u00a0\u00bb, a \u00e9crit sur son compte X le pr\u00e9sident colombien, proche de Nicolas Maduro. Il a demand\u00e9 une r\u00e9union \u00ab\u00a0imm\u00e9diate\u00a0\u00bb de l&rsquo;Organisation des Etats am\u00e9ricains (OEA) et de l&rsquo;ONU pour se prononcer sur la \u00ab\u00a0l\u00e9galit\u00e9 internationale\u00a0\u00bb de cette \u00ab\u00a0agression\u00a0\u00bb contre le pays voisin.<\/p>\n<p><a href=\"https:\/\/www.dhnet.be\/dernieres-depeches\/2026\/01\/03\/les-principaux-contentieux-entre-les-etats-unis-et-le-venezuela-5JP7IQPXCRGTNOJJG5SVMCMEZ4\/\" target=\"_self\" class=\"ap-StoryInterstitialLink ap-StoryElement ap-StoryElement--mb\" rel=\"noopener\">Les principaux contentieux entre les Etats-Unis et le Venezuela<\/a>Russie<\/p>\n<p class=\"ap-StoryElement ap-StoryElement--mb ap-StoryText\">\u00ab\u00a0Ce matin, les Etats-Unis ont commis un acte d&rsquo;agression arm\u00e9e contre le Venezuela. Ceci est profond\u00e9ment pr\u00e9occupant et condamnable\u00a0\u00bb, a d\u00e9clar\u00e9 le minist\u00e8re russe des Affaires \u00e9trang\u00e8res dans un communiqu\u00e9, estimant que \u00ab\u00a0l&rsquo;hostilit\u00e9 id\u00e9ologique a triomph\u00e9 du pragmatisme \u00e9conomique\u00a0\u00bb.<\/p>\n<p class=\"ap-StoryElement ap-StoryElement--mb ap-StoryText\">La Russie est un alli\u00e9 du Venezuela.<\/p>\n<p>Iran<\/p>\n<p class=\"ap-StoryElement ap-StoryElement--mb ap-StoryText\">\u00ab\u00a0Le minist\u00e8re iranien des Affaires \u00e9trang\u00e8res condamne fermement l&rsquo;attaque militaire am\u00e9ricaine contre le Venezuela et la violation flagrante de la souverainet\u00e9 nationale et de l&rsquo;int\u00e9grit\u00e9 territoriale du pays\u00a0\u00bb, a indiqu\u00e9 dans un communiqu\u00e9 la diplomatie iranienne, fustigeant \u00ab\u00a0l&rsquo;agression ill\u00e9gale des Etats-Unis\u00a0\u00bb, ennemi de la R\u00e9publique islamique. L&rsquo;Iran entretient des liens \u00e9troits avec le Venezuela.<\/p>\n<p>Espagne<\/p>\n<p class=\"ap-StoryElement ap-StoryElement--mb ap-StoryText\">Le gouvernement espagnol a propos\u00e9 samedi de jouer les interm\u00e9diaires.<\/p>\n<p class=\"ap-StoryElement ap-StoryElement--mb ap-StoryText\">\u00ab\u00a0L&rsquo;Espagne appelle \u00e0 la d\u00e9sescalade et \u00e0 la mod\u00e9ration\u00a0\u00bb et est \u00ab\u00a0dispos\u00e9e \u00e0 offrir ses bons offices pour parvenir \u00e0 une solution pacifique et n\u00e9goci\u00e9e \u00e0 la crise actuelle\u00a0\u00bb, a d\u00e9clar\u00e9 le minist\u00e8re des Affaires \u00e9trang\u00e8res dans un communiqu\u00e9.\u00a0\u00bb<\/p>\n<p><a href=\"https:\/\/www.dhnet.be\/dernieres-depeches\/2026\/01\/03\/conflit-etats-unis-venezuela-explosions-le-venezuela-denonce-la-tres-grave-agression-militaire-des-etats-unis-ALH2V7ORUVFJNE2K7BBPS33ZXU\/\" target=\"_self\" class=\"ap-StoryInterstitialLink ap-StoryElement ap-StoryElement--mb\" rel=\"noopener\">Conflit Etats-Unis-Venezuela &#8211; Explosions: le Venezuela \u00ab\u00a0d\u00e9nonce la tr\u00e8s grave agression militaire\u00a0\u00bb des Etats-Unis<\/a>Allemagne<\/p>\n<p class=\"ap-StoryElement ap-StoryElement--mb ap-StoryText\">\u00ab\u00a0Nous suivons de tr\u00e8s pr\u00e8s la situation au Venezuela et prenons connaissance des derniers rapports avec une grande inqui\u00e9tude. Le minist\u00e8re est en contact \u00e9troit avec l&rsquo;ambassade \u00e0 Caracas. La situation reste encore floue \u00e0 certains \u00e9gards. La cellule de crise du gouvernement allemand se r\u00e9unit aujourd&rsquo;hui au minist\u00e8re\u00a0\u00bb, a indiqu\u00e9 le minist\u00e8re des Affaires \u00e9trang\u00e8res allemand.<\/p>\n<p>Pologne<\/p>\n<p class=\"ap-StoryElement ap-StoryElement--mb ap-StoryText\">\u00ab\u00a0Nous assistons \u00e0 une attaque des forces am\u00e9ricaines contre Caracas, la capitale du Venezuela. L&rsquo;ann\u00e9e 2026 commence donc par un coup dur. Nous aurons l&rsquo;occasion d&rsquo;analyser les r\u00e9percussions de cette attaque sur la situation dans notre r\u00e9gion. Un \u00e9v\u00e9nement comme l&rsquo;attaque am\u00e9ricaine d&rsquo;aujourd&rsquo;hui contre le Venezuela affecte le monde entier ; nous r\u00e9agirons et nous pr\u00e9parerons \u00e0 cette nouvelle situation\u00a0\u00bb, a assur\u00e9 le Premier ministre, Donald Tusk, lors d&rsquo;une conf\u00e9rence de presse.<\/p>\n<p>Italie<\/p>\n<p class=\"ap-StoryElement ap-StoryElement--mb ap-StoryText\">\u00ab\u00a0La Premi\u00e8re ministre, Giorgia Meloni, suit de pr\u00e8s la situation au Venezuela et reste en contact permanent avec le ministre des Affaires \u00e9trang\u00e8res et de la Coop\u00e9ration internationale, Antonio Tajani, notamment pour recueillir des informations sur nos compatriotes\u00a0\u00bb, selon un communiqu\u00e9 des services de Mme Meloni.<\/p>\n","protected":false},"excerpt":{"rendered":"Voici les r\u00e9actions internationales \u00e0 cette attaque de Washington, a priori termin\u00e9e selon un s\u00e9nateur am\u00e9ricain. DIRECT: Trump&hellip;\n","protected":false},"author":2,"featured_media":638216,"comment_status":"","ping_status":"","sticky":false,"template":"","format":"standard","meta":{"footnotes":""},"categories":[1589],"tags":[11,38979,2120,312,75,19429,73,1866,3044,54965,74558,12,338,1864,1865,1863,308,337],"class_list":{"0":"post-638215","1":"post","2":"type-post","3":"status-publish","4":"format-standard","5":"has-post-thumbnail","7":"category-etats-unis","8":"tag-actualites","9":"tag-antonio-tajani","10":"tag-conflit","11":"tag-diplomatie","12":"tag-donald-trump","13":"tag-donald-tusk","14":"tag-etats-unis","15":"tag-etats-unis-damerique","16":"tag-giorgia-meloni","17":"tag-gustavo-petro","18":"tag-m-maduro","19":"tag-news","20":"tag-nicolas-maduro","21":"tag-united-states","22":"tag-united-states-of-america","23":"tag-us","24":"tag-usa","25":"tag-venezuela"},"share_on_mastodon":{"url":"https:\/\/pubeurope.com\/@fr\/115831013645033981","error":""},"_links":{"self":[{"href":"https:\/\/www.europesays.com\/fr\/wp-json\/wp\/v2\/posts\/638215","targetHints":{"allow":["GET"]}}],"collection":[{"href":"https:\/\/www.europesays.com\/fr\/wp-json\/wp\/v2\/posts"}],"about":[{"href":"https:\/\/www.europesays.com\/fr\/wp-json\/wp\/v2\/types\/post"}],"author":[{"embeddable":true,"href":"https:\/\/www.europesays.com\/fr\/wp-json\/wp\/v2\/users\/2"}],"replies":[{"embeddable":true,"href":"https:\/\/www.europesays.com\/fr\/wp-json\/wp\/v2\/comments?post=638215"}],"version-history":[{"count":0,"href":"https:\/\/www.europesays.com\/fr\/wp-json\/wp\/v2\/posts\/638215\/revisions"}],"wp:featuredmedia":[{"embeddable":true,"href":"https:\/\/www.europesays.com\/fr\/wp-json\/wp\/v2\/media\/638216"}],"wp:attachment":[{"href":"https:\/\/www.europesays.com\/fr\/wp-json\/wp\/v2\/media?parent=638215"}],"wp:term":[{"taxonomy":"category","embeddable":true,"href":"https:\/\/www.europesays.com\/fr\/wp-json\/wp\/v2\/categories?post=638215"},{"taxonomy":"post_tag","embeddable":true,"href":"https:\/\/www.europesays.com\/fr\/wp-json\/wp\/v2\/tags?post=638215"}],"curies":[{"name":"wp","href":"https:\/\/api.w.org\/{rel}","templated":true}]}}