{"id":638219,"date":"2026-01-03T11:51:08","date_gmt":"2026-01-03T11:51:08","guid":{"rendered":"https:\/\/www.europesays.com\/fr\/638219\/"},"modified":"2026-01-03T11:51:08","modified_gmt":"2026-01-03T11:51:08","slug":"braquage-spectaculaire-dune-banque-en-allemagne","status":"publish","type":"post","link":"https:\/\/www.europesays.com\/fr\/638219\/","title":{"rendered":"Braquage spectaculaire d&rsquo;une banque en Allemagne"},"content":{"rendered":"<p><img decoding=\"async\" fetchpriority=\"high\" src=\"https:\/\/www.europesays.com\/fr\/wp-content\/uploads\/2025\/12\/placeholder_lcp_video.abed0b810f2d6bb64cb114993ac8fa27.webp.webp\" width=\"800\" height=\"450\" alt=\"placeholder video\"\/><\/p>\n<p>Une banque allemande a \u00e9t\u00e9 frapp\u00e9e par un braquage spectaculaire : le pr\u00e9judice est estim\u00e9 \u00e0 30 millions d&rsquo;euros par la police.\u00a0\u00c7a s&rsquo;est pass\u00e9 le week-end dernier \u00e0 Gelsenkirchen, dans l&rsquo;ouest du pays.\u00a0Les braqueurs ont \u00ab\u00a0profit\u00e9 du calme de No\u00ebl\u00a0\u00bb pour braquer la \u00ab\u00a0Sparkasse\u00a0\u00bb (banque allemande) ferm\u00e9e \u00e0 cette p\u00e9riode de l&rsquo;ann\u00e9e. Le cambriolage a \u00e9t\u00e9 d\u00e9couvert lundi gr\u00e2ce \u00e0 une alerte incendie re\u00e7ue par les pompiers.\u00a0Somme assur\u00e9e moyenne de 10.000 euros par coffre.\u00a0La banque est rest\u00e9e ferm\u00e9e mardi \u00ab\u00a0pour des raisons de s\u00e9curit\u00e9\u00a0\u00bb. <\/p>\n<p>Le 31\/12\/2025 \u00e0 07h30 | Dur\u00e9e : 1:28<\/p>\n","protected":false},"excerpt":{"rendered":"Une banque allemande a \u00e9t\u00e9 frapp\u00e9e par un braquage spectaculaire : le pr\u00e9judice est estim\u00e9 \u00e0 30 millions&hellip;\n","protected":false},"author":2,"featured_media":638220,"comment_status":"","ping_status":"","sticky":false,"template":"","format":"standard","meta":{"footnotes":""},"categories":[1587],"tags":[11,672,1804,1805,1803,1777,674,1801,12,1802],"class_list":{"0":"post-638219","1":"post","2":"type-post","3":"status-publish","4":"format-standard","5":"has-post-thumbnail","7":"category-allemagne","8":"tag-actualites","9":"tag-allemagne","10":"tag-bundesrepublik-deutschland","11":"tag-de","12":"tag-deutschland","13":"tag-eu","14":"tag-europe","15":"tag-germany","16":"tag-news","17":"tag-republique-federale-dallemagne"},"share_on_mastodon":{"url":"https:\/\/pubeurope.com\/@fr\/115831025448735453","error":""},"_links":{"self":[{"href":"https:\/\/www.europesays.com\/fr\/wp-json\/wp\/v2\/posts\/638219","targetHints":{"allow":["GET"]}}],"collection":[{"href":"https:\/\/www.europesays.com\/fr\/wp-json\/wp\/v2\/posts"}],"about":[{"href":"https:\/\/www.europesays.com\/fr\/wp-json\/wp\/v2\/types\/post"}],"author":[{"embeddable":true,"href":"https:\/\/www.europesays.com\/fr\/wp-json\/wp\/v2\/users\/2"}],"replies":[{"embeddable":true,"href":"https:\/\/www.europesays.com\/fr\/wp-json\/wp\/v2\/comments?post=638219"}],"version-history":[{"count":0,"href":"https:\/\/www.europesays.com\/fr\/wp-json\/wp\/v2\/posts\/638219\/revisions"}],"wp:featuredmedia":[{"embeddable":true,"href":"https:\/\/www.europesays.com\/fr\/wp-json\/wp\/v2\/media\/638220"}],"wp:attachment":[{"href":"https:\/\/www.europesays.com\/fr\/wp-json\/wp\/v2\/media?parent=638219"}],"wp:term":[{"taxonomy":"category","embeddable":true,"href":"https:\/\/www.europesays.com\/fr\/wp-json\/wp\/v2\/categories?post=638219"},{"taxonomy":"post_tag","embeddable":true,"href":"https:\/\/www.europesays.com\/fr\/wp-json\/wp\/v2\/tags?post=638219"}],"curies":[{"name":"wp","href":"https:\/\/api.w.org\/{rel}","templated":true}]}}