{"id":638229,"date":"2026-01-03T11:56:09","date_gmt":"2026-01-03T11:56:09","guid":{"rendered":"https:\/\/www.europesays.com\/fr\/638229\/"},"modified":"2026-01-03T11:56:09","modified_gmt":"2026-01-03T11:56:09","slug":"la-bretagne-placee-en-vigilance-pour-neige-et-verglas-par-meteo-france-en-ce-premier-week-end-de-lannee-2026","status":"publish","type":"post","link":"https:\/\/www.europesays.com\/fr\/638229\/","title":{"rendered":"La Bretagne plac\u00e9e en vigilance pour neige et verglas par M\u00e9t\u00e9o France en ce premier week-end de l&rsquo;ann\u00e9e 2026"},"content":{"rendered":"<p>                    Par<br \/>\n        <strong><br \/>\n            <a href=\"https:\/\/actu.fr\/auteur\/brian-legoff\" title=\"Consulter tous les articles de Brian Le Goff\" target=\"_blank\" rel=\"noopener\">Brian Le Goff<\/a><br \/>\n                    <\/strong><\/p>\n<p>        Publi\u00e9 le<\/p>\n<p>            3 janv. 2026 \u00e0 11h36        <\/p>\n<p>Les <strong>vigilances<\/strong> <a href=\"https:\/\/actu.fr\/meteo\/\" target=\"_blank\" rel=\"noopener\">m\u00e9t\u00e9o<\/a> <strong>se suivent<\/strong> en <a href=\"https:\/\/actu.fr\/bretagne\/\" target=\"_blank\" rel=\"noopener\">Bretagne<\/a>. Apr\u00e8s avoir \u00e9t\u00e9 <a href=\"https:\/\/actu.fr\/bretagne\/rennes_35238\/en-bretagne-meteo-france-declenche-la-vigilance-neige-verglas-des-chaussees-tres-glissantes-attendues_63643555.html\" target=\"_blank\" rel=\"noopener\">plac\u00e9e en vigilance jaune neige et verglas, vendredi 2\u00a0janvier,<\/a> la <strong>r\u00e9gion sera \u00e0 nouveau concern\u00e9e<\/strong> par cette situation, <strong>samedi\u00a03 et dimanche 4\u00a0janvier<\/strong> 2026.<\/p>\n<p class=\" wall-content\">En effet, M\u00e9t\u00e9o France place les quatre d\u00e9partements bretons (C\u00f4tes-d\u2019Armor, Finist\u00e8re, Morbihan et Ille-et-Vilaine) en vigilance jaune neige verglas,<strong> \u00e0 partir de 20h ce samedi<\/strong>.<\/p>\n<p class=\" wall-content\">La vigilance durera <strong>jusqu\u2019\u00e0 dimanche, 11h<\/strong>.<\/p>\n<p>Les pr\u00e9visions du week-end<\/p>\n<p class=\" wall-content\">D\u2019ici l\u00e0, les <strong>\u00e9claircies dominent<\/strong> le ciel breton ce samedi. <strong>Quelques averses<\/strong> devraient traverser la r\u00e9gion, notamment le Finist\u00e8re, indique <a href=\"https:\/\/www.meteo.bzh\/actualite\/la-meteo-de-votre-samedi-3-janvier-2026-2026-01-02\" target=\"_blank\" rel=\"noopener\">M\u00e9t\u00e9o Bretagne, dans son bulletin de pr\u00e9visions du samedi 3\u00a0janvier<\/a>. \u00ab\u2009Le <strong>vent,<\/strong> venu du nord et du nord-est atteint <strong>50 \u00e0 60\u00a0km\/h<\/strong> entre le littoral de la Manche et d\u2019Iroise, 40\u00a0km\/h sur le littoral sud.\u2009\u00bb <strong>Au maximum, il fera 5 \u00e0 7\u00a0\u00b0C<\/strong> en Bretagne.<\/p>\n<p class=\" wall-content\">\n<p class=\" wall-content\"><strong>Dimanche, les gel\u00e9es matinales<\/strong> sont g\u00e9n\u00e9ralis\u00e9es et parfois marqu\u00e9es, note encore M\u00e9t\u00e9o Bretagne. De nouvelles averses, toujours sur le Finist\u00e8re en particulier, se manifesteront \u00e0 nouveau, malgr\u00e9 un temps ensoleill\u00e9 dans l\u2019ensemble.<\/p>\n<p class=\" wall-content\">Personnalisez votre actualit\u00e9 en ajoutant vos villes et m\u00e9dias en favori avec <a href=\"https:\/\/moncompte.actu.fr\" title=\"D\u00e9couvez Mon Actu\" rel=\"nofollow noopener\" data-trk=\"{&quot;cta&quot;:{&quot;action&quot;:&quot;https:\\\/\\\/moncompte.actu.fr&quot;,&quot;category&quot;:&quot;mon compte&quot;,&quot;from&quot;:&quot;article footer&quot;,&quot;name&quot;:&quot;Mon actu&quot;,&quot;type&quot;:&quot;cta&quot;}}\" target=\"_blank\">Mon Actu<\/a>.<\/p>\n","protected":false},"excerpt":{"rendered":"Par Brian Le Goff Publi\u00e9 le 3 janv. 2026 \u00e0 11h36 Les vigilances m\u00e9t\u00e9o se suivent en Bretagne.&hellip;\n","protected":false},"author":2,"featured_media":638230,"comment_status":"","ping_status":"","sticky":false,"template":"","format":"standard","meta":{"footnotes":""},"categories":[4],"tags":[11,1011,27,2487,2357,10584,12,25],"class_list":{"0":"post-638229","1":"post","2":"type-post","3":"status-publish","4":"format-standard","5":"has-post-thumbnail","7":"category-france","8":"tag-actualites","9":"tag-fr","10":"tag-france","11":"tag-meteo","12":"tag-meteo-france","13":"tag-neige","14":"tag-news","15":"tag-republique-francaise"},"share_on_mastodon":{"url":"https:\/\/pubeurope.com\/@fr\/115831044984045905","error":""},"_links":{"self":[{"href":"https:\/\/www.europesays.com\/fr\/wp-json\/wp\/v2\/posts\/638229","targetHints":{"allow":["GET"]}}],"collection":[{"href":"https:\/\/www.europesays.com\/fr\/wp-json\/wp\/v2\/posts"}],"about":[{"href":"https:\/\/www.europesays.com\/fr\/wp-json\/wp\/v2\/types\/post"}],"author":[{"embeddable":true,"href":"https:\/\/www.europesays.com\/fr\/wp-json\/wp\/v2\/users\/2"}],"replies":[{"embeddable":true,"href":"https:\/\/www.europesays.com\/fr\/wp-json\/wp\/v2\/comments?post=638229"}],"version-history":[{"count":0,"href":"https:\/\/www.europesays.com\/fr\/wp-json\/wp\/v2\/posts\/638229\/revisions"}],"wp:featuredmedia":[{"embeddable":true,"href":"https:\/\/www.europesays.com\/fr\/wp-json\/wp\/v2\/media\/638230"}],"wp:attachment":[{"href":"https:\/\/www.europesays.com\/fr\/wp-json\/wp\/v2\/media?parent=638229"}],"wp:term":[{"taxonomy":"category","embeddable":true,"href":"https:\/\/www.europesays.com\/fr\/wp-json\/wp\/v2\/categories?post=638229"},{"taxonomy":"post_tag","embeddable":true,"href":"https:\/\/www.europesays.com\/fr\/wp-json\/wp\/v2\/tags?post=638229"}],"curies":[{"name":"wp","href":"https:\/\/api.w.org\/{rel}","templated":true}]}}