{"id":638231,"date":"2026-01-03T11:58:10","date_gmt":"2026-01-03T11:58:10","guid":{"rendered":"https:\/\/www.europesays.com\/fr\/638231\/"},"modified":"2026-01-03T11:58:10","modified_gmt":"2026-01-03T11:58:10","slug":"volley-ball-spikeligue-je-pense-quon-peut-viser-la-4e-ou-5e-place-face-a-sete-pour-demarrer-la-nouvelle-annee-narbonne-doit-exploiter-son-plein-potentiel","status":"publish","type":"post","link":"https:\/\/www.europesays.com\/fr\/638231\/","title":{"rendered":"Volley-ball \u2013 SpikeLigue\u00a0: \u00ab\u00a0Je pense qu\u2019on peut viser la 4e ou 5e place\u00a0\u00bb, face \u00e0 S\u00e8te pour d\u00e9marrer la nouvelle ann\u00e9e, Narbonne doit exploiter son plein potentiel"},"content":{"rendered":"<p>\n                                                                Narbonne re\u00e7oit son voisin h\u00e9raultais de l\u2019Arago de S\u00e8te, ce samedi \u00e0 20\u00a0h, avec comme objectif de bien d\u00e9marrer la nouvelle ann\u00e9e en SpikeLigue.\n                            <\/p>\n<p>L\u2019ann\u00e9e 2025 n\u2019a pas \u00e9t\u00e9 la meilleure de l\u2019histoire des Centurions Narbonne. Personne ne pourra contredire cette affirmation, sur un club qui a pein\u00e9 \u00e0 s\u2019extraire du fond de la classe en championnat la saison pass\u00e9e, et s\u2019est montr\u00e9 irr\u00e9gulier depuis octobre et la reprise de la SpikeLigue.<\/p>\n<p>Pourtant, c\u2019est bien sur un succ\u00e8s important que les Audois ont termin\u00e9 l\u2019ann\u00e9e, contre Chaumont (3-0), un premier succ\u00e8s depuis 2021 face aux Haut-Marnais. De quoi passer un r\u00e9veillon de la Saint-Sylvestre, de mani\u00e8re un peu plus d\u00e9tendue, sans pour autant faire de folie. \u00ab\u00a0On fait attention parce qu\u2019on sait qu\u2019on va revenir dans deux jours \u00e0 l\u2019entra\u00eenement et qu\u2019on a un match dans trois, quatre jours\u2026, explique Tom Colomb, r\u00e9ceptionneur-attaquant. Mais \u00e7a a fait du bien de couper et de voir aussi la famille pendant les f\u00eates, d\u2019autant plus apr\u00e8s une victoire 3-0 \u00e0 la maison devant notre public, qui fait du bien au moral.\u00a0\u00bb<\/p>\n<p><a href=\"https:\/\/www.lindependant.fr\/sports\/resultats-sportifs\/volley\" target=\"_self\" rel=\"noopener\">Le classement de SpikeLigue<\/a><\/p>\n<p>Pour l\u2019instant dans les clous pour participer \u00e0 des play-offs \u00e9largis jusqu\u2019\u00e0 la dixi\u00e8me place cette saison, Narbonne n\u2019a pas encore d\u00e9montr\u00e9 tout son potentiel. \u00ab\u00a0On a bien d\u00e9but\u00e9 la saison mais ensuite on a eu des p\u00e9pins physiques et on a laiss\u00e9 filer quelques matches \u00e0 l\u2019ext\u00e9rieur, qui auraient pu tourner en notre faveur\u00a0\u00bb, analyse le coach Lorenzo Tubertini.<\/p>\n<p>\u00ab\u00a0S\u00e8te est pass\u00e9 \u00e0 c\u00f4t\u00e9 de son match\u00a0\u00bb<\/p>\n<p>Apr\u00e8s la phase aller, pour le technicien italien, les Centurions ne sont pas \u00e0 leur place\u00a0: \u00ab\u00a0Nous devons continuer \u00e0 progresser, \u00e0 stabiliser notre niveau du jeu, mais avec mon groupe au complet, je pense qu\u2019on peut viser la 4e ou 5e place.\u00a0\u00bb\u00a0Chez le jeune Tom Colomb, qui aura 22 ans \u00e0 la fin du mois, m\u00eame son de cloche\u00a0: \u00ab\u00a0Quand tout le monde est \u00e0 100\u00a0%, on a une tr\u00e8s bonne \u00e9quipe et on peut aller chercher plus haut au classement.\u00a0\u00bb<\/p>\n<p>80 kilom\u00e8tres. C\u2019est la distance qui s\u00e9pare Narbonne de S\u00e8te, son adversaire samedi soir \u00e0 l\u2019Arena. D\u2019ailleurs, lors du d\u00e9placement dans l\u2019H\u00e9rault, en octobre dernier, les Centurions ont d\u00e9croch\u00e9 leur premier (et seul) succ\u00e8s \u00e0 l\u2019ext\u00e9rieur cette saison (1-3). \u00ab\u00a0Le match aller \u00e9tait particulier parce que je pense que S\u00e8te est pass\u00e9 \u00e0 c\u00f4t\u00e9 de son match, pr\u00e9cise Tubertini. La rencontre de samedi soir sera beaucoup plus \u00e9quilibr\u00e9e.\u00a0\u00bb<\/p>\n<p>    Les Supporturions f\u00eatent leurs 15 ans<\/p>\n<p>Depuis le d\u00e9but des ann\u00e9es 2011, et m\u00eame avant, ils animent les trav\u00e9es des enceintes narbonnaises\u00a0: d\u2019abord au Palais du Travail puis maintenant \u00e0 l\u2019Arena. Les Supporturions f\u00eatent cette saison leurs 15 ans d\u2019existence. \u00ab\u00a0On n\u2019a pas de date pr\u00e9cise, on cherchait le bon match pour c\u00e9l\u00e9brer cet anniversaire et forc\u00e9ment retour de f\u00eate, une salle remplie et le derby contre S\u00e8te, et nos amis supporters de l\u2019Arago, tout \u00e9tait r\u00e9uni\u00a0\u00bb, confie Kevin Fathi, 32 ans, membre du bureau de l\u2019association de supporters pr\u00e9sid\u00e9e par Sandrine Vilar. Au programme, samedi soir, un chant cr\u00e9\u00e9 pour l\u2019occasion, des banderoles, des ballons avec les num\u00e9ros\u00a01 et\u00a05\u2026 \u00ab\u00a0histoire de marquer le coup\u00a0\u00bb, ajoute Kevin.<\/p>\n<p>Sixi\u00e8me, et une des \u00e9quipes en forme du mois de d\u00e9cembre, seulement d\u00e9faite par les ogres tourangeaux et montpelli\u00e9rains, l\u2019Arago est dans le viseur narbonnais. \u00ab\u00a0Ils ont un meilleur block que nous, sur le potentiel d\u2019attaque, je pense qu\u2019on a l\u2019avantage\u2026 C\u2019est au niveau du service qu\u2019il faudra faire la diff\u00e9rence pour faire tourner le match de notre c\u00f4t\u00e9\u00a0\u00bb, annonce Lorenzo Tubertini.<\/p>\n<p>Succ\u00e8s imp\u00e9ratif pour se replacer aux portes du Top 5, avant d\u2019encha\u00eener trois d\u00e9placements de rang.<\/p>\n","protected":false},"excerpt":{"rendered":"Narbonne re\u00e7oit son voisin h\u00e9raultais de l\u2019Arago de S\u00e8te, ce samedi \u00e0 20\u00a0h, avec comme objectif de bien&hellip;\n","protected":false},"author":2,"featured_media":638232,"comment_status":"","ping_status":"","sticky":false,"template":"","format":"standard","meta":{"footnotes":""},"categories":[1417],"tags":[4086,1011,27,35514,517,60,1470,1469],"class_list":{"0":"post-638231","1":"post","2":"type-post","3":"status-publish","4":"format-standard","5":"has-post-thumbnail","7":"category-volley","8":"tag-aude","9":"tag-fr","10":"tag-france","11":"tag-narbonne","12":"tag-sport","13":"tag-sports","14":"tag-volley","15":"tag-volleyball"},"share_on_mastodon":{"url":"https:\/\/pubeurope.com\/@fr\/115831053299224877","error":""},"_links":{"self":[{"href":"https:\/\/www.europesays.com\/fr\/wp-json\/wp\/v2\/posts\/638231","targetHints":{"allow":["GET"]}}],"collection":[{"href":"https:\/\/www.europesays.com\/fr\/wp-json\/wp\/v2\/posts"}],"about":[{"href":"https:\/\/www.europesays.com\/fr\/wp-json\/wp\/v2\/types\/post"}],"author":[{"embeddable":true,"href":"https:\/\/www.europesays.com\/fr\/wp-json\/wp\/v2\/users\/2"}],"replies":[{"embeddable":true,"href":"https:\/\/www.europesays.com\/fr\/wp-json\/wp\/v2\/comments?post=638231"}],"version-history":[{"count":0,"href":"https:\/\/www.europesays.com\/fr\/wp-json\/wp\/v2\/posts\/638231\/revisions"}],"wp:featuredmedia":[{"embeddable":true,"href":"https:\/\/www.europesays.com\/fr\/wp-json\/wp\/v2\/media\/638232"}],"wp:attachment":[{"href":"https:\/\/www.europesays.com\/fr\/wp-json\/wp\/v2\/media?parent=638231"}],"wp:term":[{"taxonomy":"category","embeddable":true,"href":"https:\/\/www.europesays.com\/fr\/wp-json\/wp\/v2\/categories?post=638231"},{"taxonomy":"post_tag","embeddable":true,"href":"https:\/\/www.europesays.com\/fr\/wp-json\/wp\/v2\/tags?post=638231"}],"curies":[{"name":"wp","href":"https:\/\/api.w.org\/{rel}","templated":true}]}}