{"id":638237,"date":"2026-01-03T12:04:11","date_gmt":"2026-01-03T12:04:11","guid":{"rendered":"https:\/\/www.europesays.com\/fr\/638237\/"},"modified":"2026-01-03T12:04:11","modified_gmt":"2026-01-03T12:04:11","slug":"cyclisme-milan-san-remo-vincenzo-nibali-pogacar-gagne-par-la-force-pas-tactiquement","status":"publish","type":"post","link":"https:\/\/www.europesays.com\/fr\/638237\/","title":{"rendered":"Cyclisme. Milan-San Remo &#8211; Vincenzo Nibali : \u00abPogacar gagne par la force, pas tactiquement\u00bb"},"content":{"rendered":"<p><strong><a href=\"https:\/\/www.cyclismactu.net\/..\/news-route-tadej-pogacar-s-amuse-a-entrainement-et-partage-91422.html\" target=\"_blank\" rel=\"noopener\">Tadej Pogacar<\/a> <\/strong>fait d\u00e9finitivement partie des meilleurs coureurs de l&rsquo;histoire tant son palmar\u00e8s et sa mani\u00e8re de gagner impressionnent tous les observateurs. Pourtant, si beaucoup des principales courses du calendrier sont d\u00e9sormais inscrites au palmar\u00e8s du Slov\u00e8ne, quelques courses r\u00e9sistent encore et toujours \u00e0 l&rsquo;envahisseur et nous offrent chaque ann\u00e9e le spectacle d&rsquo;un champion du monde se heurtant \u00e0 ses limites. Parmi elles se trouvent <strong><a href=\"https:\/\/www.cyclismactu.net\/..\/news-route-filippo-ganna-j-ai-fait-des-valeurs-record-sur-milan-sanremo-2025-91323.html\" target=\"_blank\" rel=\"noopener\">Milan San-Remo<\/a><\/strong>\u00a0puisque\u00a0<strong>Tadej Pogacar <\/strong>a beau tout tenter, il ne parvient \u00e0 triompher sur la Via Roma. Comme l&rsquo;a expliqu\u00e9\u00a0<strong><a href=\"https:\/\/www.cyclismactu.net\/..\/news-route-une-rotation-des-grands-tours-vincenzo-nibali-est-d-accord-avec-pogacar-91151.html\" target=\"_blank\" rel=\"noopener\">Vincenzo Nibali<\/a> <\/strong>\u00e0 nos confr\u00e8res de <a href=\"https:\/\/www.domestiquecycling.com\/en\/news\/nibali-on-pogacars-sanremo-problem-perhaps-his-limit-is-that-he-thinks-he-can-manage-everything-with-strength\/\" target=\"_blank\" rel=\"noopener\">Domestique<\/a>, cet \u00e9chec r\u00e9side dans la fa\u00e7on de courir du Slov\u00e8ne, habitu\u00e9 \u00e0 \u00e9coeurer la concurrence simplement parce qu&rsquo;il est plus fort.<\/p>\n<p>Vid\u00e9o &#8211; Le r\u00e9sum\u00e9 de Milan-San Remo 2025 Lire la suite de l&rsquo;article&#13;<\/p>\n<p>\u00a0<\/p>\n<p>&#13;<br \/>\n\u00ab\u00a0Mais qui gagne avec ruse et tactique ?\u00a0\u00bb&#13;<\/p>\n<p>Pour l&rsquo;ancien vainqueur de la Primavera, les strat\u00e9gies de <strong>Tadej Pogacar<\/strong>\u00a0deviennent limit\u00e9s s&rsquo;il ne parvient pas \u00e0 faire la diff\u00e9rence \u00e0 la p\u00e9dale : \u00ab\u00a0Toute course qu\u2019il gagne, il la gagne par la force, pas tactiquement\u00a0\u00bb, a d\u00e9clar\u00e9 <strong>Nibali<\/strong>. \u00ab\u00a0Il attaque parce qu\u2019il est plus fort. Mais qui gagne avec ruse et tactique ? Van der Poel.\u00a0\u00bb Ainsi, pour le requin de Mescine, c&rsquo;est ici que r\u00e9side la principale faiblesse du Slov\u00e8ne : \u00ab\u00a0Peut-\u00eatre que sa limite, si on peut appeler \u00e7a une limite, est qu\u2019il pense pouvoir tout g\u00e9rer avec force\u00a0\u00bb<\/p>\n<p>&#13;<\/p>\n<p>Ainsi, sur <strong>Milan-San Remo<\/strong>, o\u00f9 les \u00e9carts sont plus difficiles \u00e0 creuser, cette strat\u00e9gie ne marche pas : \u00ab\u00a0Il essaie de l\u00e2cher tout le monde dans la mont\u00e9e, sans penser \u00e0 la possibilit\u00e9 de gagner comme je l\u2019ai fait, en descente.\u00a0\u00bb\u00a0En 2025, <strong>Tadej Pogacar <\/strong>n&rsquo;est pas parvenu \u00e0 se d\u00e9barrasser de <strong>Mathieu van der Poel <\/strong>dans la mont\u00e9e du Poggio et, \u00e0 partir de l\u00e0, l&rsquo;avantage \u00e9tait en faveur du N\u00e9erlandais puisqu'\u00a0\u00bbil a r\u00e9ussi \u00e0 g\u00e9rer la situation comme quelqu\u2019un qui sait exactement comment s\u2019y prendre dans ce genre de circonstances.\u00a0\u00bb\u00a0\u00c0 voir d\u00e9sormais comment le Slov\u00e8ne compte s&rsquo;y prendre en 2026 pour enfin dompter <strong>Milan-San Remo<\/strong>\u00a0et ajouter un nouveau monument \u00e0 son immense palmar\u00e8s.<\/p>\n","protected":false},"excerpt":{"rendered":"Tadej Pogacar fait d\u00e9finitivement partie des meilleurs coureurs de l&rsquo;histoire tant son palmar\u00e8s et sa mani\u00e8re de gagner&hellip;\n","protected":false},"author":2,"featured_media":638238,"comment_status":"","ping_status":"","sticky":false,"template":"","format":"standard","meta":{"footnotes":""},"categories":[1411],"tags":[1154,207,211,1011,27,74559,209,60,210,212,208,213],"class_list":{"0":"post-638237","1":"post","2":"type-post","3":"status-publish","4":"format-standard","5":"has-post-thumbnail","7":"category-cyclisme","8":"tag-cycling","9":"tag-cyclisme","10":"tag-ffc","11":"tag-fr","12":"tag-france","13":"tag-milan-san-remo","14":"tag-route","15":"tag-sports","16":"tag-tour-de-france","17":"tag-uci","18":"tag-velo","19":"tag-world-tour"},"share_on_mastodon":{"url":"https:\/\/pubeurope.com\/@fr\/115831076621046518","error":""},"_links":{"self":[{"href":"https:\/\/www.europesays.com\/fr\/wp-json\/wp\/v2\/posts\/638237","targetHints":{"allow":["GET"]}}],"collection":[{"href":"https:\/\/www.europesays.com\/fr\/wp-json\/wp\/v2\/posts"}],"about":[{"href":"https:\/\/www.europesays.com\/fr\/wp-json\/wp\/v2\/types\/post"}],"author":[{"embeddable":true,"href":"https:\/\/www.europesays.com\/fr\/wp-json\/wp\/v2\/users\/2"}],"replies":[{"embeddable":true,"href":"https:\/\/www.europesays.com\/fr\/wp-json\/wp\/v2\/comments?post=638237"}],"version-history":[{"count":0,"href":"https:\/\/www.europesays.com\/fr\/wp-json\/wp\/v2\/posts\/638237\/revisions"}],"wp:featuredmedia":[{"embeddable":true,"href":"https:\/\/www.europesays.com\/fr\/wp-json\/wp\/v2\/media\/638238"}],"wp:attachment":[{"href":"https:\/\/www.europesays.com\/fr\/wp-json\/wp\/v2\/media?parent=638237"}],"wp:term":[{"taxonomy":"category","embeddable":true,"href":"https:\/\/www.europesays.com\/fr\/wp-json\/wp\/v2\/categories?post=638237"},{"taxonomy":"post_tag","embeddable":true,"href":"https:\/\/www.europesays.com\/fr\/wp-json\/wp\/v2\/tags?post=638237"}],"curies":[{"name":"wp","href":"https:\/\/api.w.org\/{rel}","templated":true}]}}