{"id":638241,"date":"2026-01-03T12:06:10","date_gmt":"2026-01-03T12:06:10","guid":{"rendered":"https:\/\/www.europesays.com\/fr\/638241\/"},"modified":"2026-01-03T12:06:10","modified_gmt":"2026-01-03T12:06:10","slug":"chaque-jour-il-y-a-un-peu-plus-de-monde-avant-les-obseques-de-brigitte-bardot-saint-tropez-affiche-complet-le-parisien","status":"publish","type":"post","link":"https:\/\/www.europesays.com\/fr\/638241\/","title":{"rendered":"\u00ab Chaque jour, il y a un peu plus de monde \u00bb : avant les obs\u00e8ques de Brigitte Bardot, Saint-Tropez affiche complet &#8211; Le Parisien"},"content":{"rendered":"<ol>\n<li><a href=\"https:\/\/news.google.com\/rss\/articles\/CBMiowJBVV95cUxPLWFXcnk4VTZsT0pObVR3SV9aS05JMWZuRWxaSDR6eUlHa2xLTFhuQmx2NVpjdU5pY09HNlRKSm1mWUFPRU9PN3pMZnNwYVlYaXRudmY3NnlkaHZDLXgtUW5QV2M3V3pFcUs3b3l4YXhobUJUYkFSN1l2d1NPS3daRFA0N2FWajhlaktRSGhlbElrSV9uYW13QkswY0lEUGVTbG1ONEFxZEhIdkhvdTVVZ0pvbFFmaHRKTkVEQ3ltaDZXbVhGb0xrZWxpTU5XLXRxSUNOR014N0JHV3RkdDRBNW91OVdWTWhrZDVlcDJucjlFaEJ6bDUzS2R6eDd5ZjZaUW0wLWl3cEh0eXZpY3JWSWxlSUFaT1hjakQ0bjl6Uk5ONEk?oc=5\" target=\"_blank\" rel=\"noopener\">\u00ab Chaque jour, il y a un peu plus de monde \u00bb : avant les obs\u00e8ques de Brigitte Bardot, Saint-Tropez affiche complet<\/a>&nbsp;&nbsp;Le Parisien<\/li>\n<li><a href=\"https:\/\/news.google.com\/rss\/articles\/CBMizAFBVV95cUxNUHphb3dGdktkTE5vMEEwYUEtWnUxYUZIZnUwd0VNeUNYdU9JV0ZuenZQUnk4X1hhdFhzcDNjejBkeTY4QWdqRlo5XzlxSEl2NktqTFNJN1UxeE44Yl93a0JzamVfYkpvNXlJTnQ2Wk5mT0pWZGZmZGRRTHZZVzRJUGhlb0stdHlnaEZmbzF6Q3JabmRXVnJJNFRkNzJpRnQzc05venYxOWRKVzQwUU4xOWZuTHBOWnBYRUJDOVlBZVJzV0NnODJiellWeWw?oc=5\" target=\"_blank\" rel=\"noopener\">Hitler, Gobineau, Goebbels, Drieu : plong\u00e9e dans la biblioth\u00e8que identitaire de la famille Bardot<\/a>&nbsp;&nbsp;Marianne<\/li>\n<li><a href=\"https:\/\/news.google.com\/rss\/articles\/CBMiuAFBVV95cUxPUHV2THVXWE54RXU3NDhaLVBJR0FabzJuekdPRzh6RVB6cXpmcUY1WndiRlV5bkpuaU5xWU9uNDNUcVFIbjMwTXN0bG16alkwUFQ5cWNsZG9jTUtxdUdQQUotNXlIWjliSFY1MlZQa3JwNWpCNmI5c0VsYmZQeV95QUVWOUE4Vzl0RXZkell2djZsLUx1UWZEOHZtaWF1UFVHSjM1RnFBS084VW8xMHpnelNJS0dsblJa?oc=5\" target=\"_blank\" rel=\"noopener\">Bernard d&rsquo;Ormale, dernier \u00e9poux de Brigitte Bardot<\/a>&nbsp;&nbsp;Radio France<\/li>\n<li><a href=\"https:\/\/news.google.com\/rss\/articles\/CBMi4AFBVV95cUxOLVJEUWNGUUJOTEJYRE5sVlZlcmktcmtqa3owU2ZwMUdlQnpveGZJVlZKYmpYZGx0SVJZUHhSUE9HWGtfYi1aZkRsM1oyRFpUYjNjNkVrZGxfX2dfZjB6RzhaZ2tGVVlRZFQweFV6NnFDWUFpZVlmaUF1TXZJY3J1S2g4bU9wR2F1UU9MM0ZSTXU0RnZySnM4R2xuMVRqMEtpdnV4NXBwZjdmTDdxMjU4MXBaQVN0M2JKWFhidUxHUzQwMGJaZGFWSndrdDZvajNOeG5xQzZSVmZqSENveWJTaQ?oc=5\" target=\"_blank\" rel=\"noopener\">Bardot, Macron, la v\u00e9rit\u00e9 et le m\u00e9pris, par Claude Askolovitch<\/a>&nbsp;&nbsp;Lib\u00e9ration<\/li>\n<li><a href=\"https:\/\/news.google.com\/rss\/articles\/CBMi5gFBVV95cUxQeVJLbnhIR0lrOUlaUmlVNnhBbEJnM09lU25zSHEyVDJITG4wYmFqMWZDQlQ0Ny16bzd6WGg4UUdGaWtJVGR0SDlDTVlaSk1KTEh2SHRpX3JSOHVDb09Nb0l5a0FsNmRhMm9QSXRzMWJnWnUtUm1YSFFydFRmR0p0Z19fWDdaNFdVUUNzSXpBYks5NW16LVc3a1ZfN0lBWmQ5T3h0T04xOEM3MWw5WTNfLWpsWk13bElYOFhjRW15d1l1dDBERF9KUlNhdExhQWRWNU9hSFk2RUNtcW1qZG1PNUNmbkVPUQ?oc=5\" target=\"_blank\" rel=\"noopener\">D\u00e9fense des animaux et extr\u00eame droite : ce vieux d\u00e9bat r\u00e9veill\u00e9 par la mort de Brigitte Bardot<\/a>&nbsp;&nbsp;Le Nouvel Obs<\/li>\n<\/ol>\n","protected":false},"excerpt":{"rendered":"\u00ab Chaque jour, il y a un peu plus de monde \u00bb : avant les obs\u00e8ques de Brigitte&hellip;\n","protected":false},"author":2,"featured_media":638242,"comment_status":"","ping_status":"","sticky":false,"template":"","format":"standard","meta":{"footnotes":""},"categories":[1359],"tags":[650,872,459,58,59,1011,27,973],"class_list":{"0":"post-638241","1":"post","2":"type-post","3":"status-publish","4":"format-standard","5":"has-post-thumbnail","7":"category-people","8":"tag-cinema","9":"tag-culture-et-loisirs","10":"tag-departements-horsidfo","11":"tag-divertissement","12":"tag-entertainment","13":"tag-fr","14":"tag-france","15":"tag-people"},"share_on_mastodon":{"url":"https:\/\/pubeurope.com\/@fr\/115831084755987700","error":""},"_links":{"self":[{"href":"https:\/\/www.europesays.com\/fr\/wp-json\/wp\/v2\/posts\/638241","targetHints":{"allow":["GET"]}}],"collection":[{"href":"https:\/\/www.europesays.com\/fr\/wp-json\/wp\/v2\/posts"}],"about":[{"href":"https:\/\/www.europesays.com\/fr\/wp-json\/wp\/v2\/types\/post"}],"author":[{"embeddable":true,"href":"https:\/\/www.europesays.com\/fr\/wp-json\/wp\/v2\/users\/2"}],"replies":[{"embeddable":true,"href":"https:\/\/www.europesays.com\/fr\/wp-json\/wp\/v2\/comments?post=638241"}],"version-history":[{"count":0,"href":"https:\/\/www.europesays.com\/fr\/wp-json\/wp\/v2\/posts\/638241\/revisions"}],"wp:featuredmedia":[{"embeddable":true,"href":"https:\/\/www.europesays.com\/fr\/wp-json\/wp\/v2\/media\/638242"}],"wp:attachment":[{"href":"https:\/\/www.europesays.com\/fr\/wp-json\/wp\/v2\/media?parent=638241"}],"wp:term":[{"taxonomy":"category","embeddable":true,"href":"https:\/\/www.europesays.com\/fr\/wp-json\/wp\/v2\/categories?post=638241"},{"taxonomy":"post_tag","embeddable":true,"href":"https:\/\/www.europesays.com\/fr\/wp-json\/wp\/v2\/tags?post=638241"}],"curies":[{"name":"wp","href":"https:\/\/api.w.org\/{rel}","templated":true}]}}