{"id":638247,"date":"2026-01-03T12:11:10","date_gmt":"2026-01-03T12:11:10","guid":{"rendered":"https:\/\/www.europesays.com\/fr\/638247\/"},"modified":"2026-01-03T12:11:10","modified_gmt":"2026-01-03T12:11:10","slug":"a-plus-de-40-ans-ils-realisent-leur-reve-et-sortent-leur-premier-album-de-rap","status":"publish","type":"post","link":"https:\/\/www.europesays.com\/fr\/638247\/","title":{"rendered":"\u00e0 plus de 40 ans, ils r\u00e9alisent leur r\u00eave et sortent leur premier album de rap"},"content":{"rendered":"<p>                    Par<br \/>\n        <strong><br \/>\n            <a href=\"https:\/\/actu.fr\/auteur\/redaction-lerepublique\" title=\"Consulter tous les articles de R\u00e9daction La R\u00e9publique de Seine et Marne\" target=\"_blank\" rel=\"noopener\">R\u00e9daction La R\u00e9publique de Seine et Marne<\/a><br \/>\n                    <\/strong><\/p>\n<p>        Publi\u00e9 le<\/p>\n<p>            3 janv. 2026 \u00e0 7h00        <\/p>\n<p>\u00c0 43 et 46 ans, Florent <b>(MC Papa Longue Jambe<\/b> ou PLJ) et Sylvain (<b>Seelmatic<\/b>), ont sorti leur premier album en novembre 2025. Ces deux quadras passionn\u00e9s de hip-hop ont d\u00e9cid\u00e9 de ne plus laisser leurs r\u00eaves de c\u00f4t\u00e9 et ont sorti leur premier album : Arketype, Paire d\u2019AS. Tout commence sur un terrain du gymnase de Changis <a href=\"https:\/\/actu.fr\/ile-de-france\/avon_77014\" target=\"_blank\" rel=\"noopener\">\u00e0 Avon<\/a> (<b>Seine-et-Marne<\/b>). Florent, responsable marketing dans une entreprise de propret\u00e9, et Sylvain, artiste peintre et professeur d\u2019art, poss\u00e8dent une premi\u00e8re passion commune, le basketball. \u00ab\u00a0On s\u2019est rencontr\u00e9 en jouant au basket, dans la m\u00eame \u00e9quipe, Seel \u00e9tait \u00e0 l\u2019origine de cette \u00e9quipe. \u00ab\u00a0, explique PLJ. Mais c\u2019est par les enfants que leur passion commune pour la musique se r\u00e9v\u00e8le.<\/p>\n<p>MC Papa Longue Jambe et Seelmatic sortent leur premier album de hip hop \u00e0 40 ans pass\u00e9s\u00a0<\/p>\n<p class=\" wall-content\">\u00ab\u00a0Un jour, mes enfants disent, Hey Flo, il fait de la musique ! Je suis all\u00e9 le voir ensuite en lui disant, alors on fait des cachotteries\u00a0\u00bb, raconte Seel. Une d\u00e9couverte qui change tout. C\u2019est ici que le projet prend forme. Les deux hommes r\u00e9alisent alors qu\u2019ils partagent les m\u00eames r\u00e9f\u00e9rences musicales. L\u2019un chante et l\u2019autre r\u00e9alise la musique. \u00ab\u00a0C\u2019est le basket qui m\u2019a mis dans le hip-hop, et c\u2019est le basket qui nous a fait nous rencontrer\u00a0\u00bb, souligne Seel.<\/p>\n<p class=\" wall-content\">Pour lui, tout part d\u2019un voyage aux \u00c9tats-Unis en 1995. \u00ab\u00a0J\u2019ai ramen\u00e9 tous les trucs qui m\u2019ont mis des claques, comme le Wu-Tang ou Mobb Deep, ce rap issu de New York \u00ab\u00a0, poursuit-il. Pour PLJ, c\u2019est le rap de la m\u00eame \u00e9poque, d\u00e9but des ann\u00e9es 90 aux USA, qui a \u00e9t\u00e9 pour lui une r\u00e9v\u00e9lation :\u00a0<\/p>\n<p class=\" wall-content\">\u00ab\u00a0Je crois que c\u2019est Kris Kross, en 92 (un groupe de hip hop, ndlr). Un mec qui venait de New York m\u2019avait ramen\u00e9 un CD ou une cassette, et j\u2019ai trouv\u00e9 \u00e7a trop styl\u00e9 !\u00a0 \u00ab\u00a0<\/p>\n<p class=\" wall-content\">Mais cet album est \u00e9galement n\u00e9 d\u2019un drame, d\u00e9but 2023, apr\u00e8s le d\u00e9c\u00e8s d\u2019un cousin de PLJ, qui faisait de la musique. \u00ab\u00a0Pour lui rendre hommage, j\u2019ai vraiment d\u00e9cid\u00e9 de me lancer. C\u2019est aussi un d\u00e9sir de vouloir se r\u00e9aliser, de prouver aussi aux plus jeunes que quand tu veux faire quelque chose, tu peux le faire \u00ab\u00a0, souligne PLJ.<\/p>\n<p class=\" wall-content\">Pour Seelmatic, beatmaker dans l\u2019ombre depuis plus de 20 ans, r\u00e9aliser un album de rap \u00e9tait l\u2019un de ses r\u00eaves, mais il n\u2019aurait pas pu le porter seul : \u00a0\u00bb Je ne me consid\u00e8re pas comme musicien, je ne me sentais pas l\u00e9gitime, donc je faisais mes trucs dans mon coin sans que personne ne soit au courant. La premi\u00e8re personne qui a \u00e9cout\u00e9 mes sons c\u2019est Flo ! \u00ab\u00a0<\/p>\n<p>\u00ab\u00a0On veut prouver aux plus jeunes que quand on veut faire quelque chose, on peut\u00a0\u00bb<\/p>\n<p class=\" wall-content\">Leur musique se situe aux antipodes de la tendance actuelle. \u00ab\u00a0On est dans la lign\u00e9e de ce qu\u2019est le hip-hop, vraiment dans le sens du mouvement. C\u2019est-\u00e0-dire un mouvement artistique qui regroupe le graffiti, la danse et le rap \u00ab\u00a0, affirme Seel Son travail musical est assez m\u00e9lancolique, il explore \u00e0 travers lui des sujets comme la mort ou bien le temps qui passe. Cela donne une certaine atmosph\u00e8re \u00e0 l\u2019album. \u00c0 40 ans pass\u00e9s, avec des enfants, les th\u00e8mes abord\u00e9s refl\u00e8tent leur r\u00e9alit\u00e9.<\/p>\n<p class=\" wall-content\">\u00ab\u00a0On ne\u00a0 va pas parler d\u2019armes, de drogue. On a des enfants. Donc c\u2019est plut\u00f4t conscient. On aborde des th\u00e8mes que l\u2019on aurait envie d\u2019\u00e9couter en tant que personnes de 40 ans\u00a0\u00bb, pr\u00e9cise Seel. Sans pr\u00e9tention, le duo esp\u00e8re simplement partager sa musique et pourquoi pas monter sur sc\u00e8ne.<\/p>\n<p>Votre r\u00e9gion, votre actu !<\/p>\n<p>Recevez chaque jour les infos qui comptent pour vous.<\/p>\n<p>\t<a href=\"https:\/\/actu.fr\/newsletter\" class=\"ac-btn ac-btn--corner ac-btn--medium ac-btn--blue800\" target=\"_blank\" rel=\"noopener\">S&rsquo;incrire<\/a><\/p>\n<p class=\" wall-content\">\u00ab\u00a0Nous avons d\u00e9j\u00e0 fait un concert \u00e0 Bois-le-Roi au printemps dernier, mais les gens sont frileux par rapport au rap, je ne sais pas de quoi ils ont peur\u00a0\u00bb, analyse Seel.<\/p>\n<p class=\" wall-content\">Pour celles et ceux qui ont grandi avec le hip-hop des ann\u00e9es 90 et qui cherchent aujourd\u2019hui une musique qui leur ressemble, c\u2019est album est fait pour eux :\u00a0 \u00ab\u00a0On a fait ce qu\u2019on aime. C\u2019est le plus important, on esp\u00e8re en faire d\u2019autres\u00a0\u00bb, conclut PLJ.<\/p>\n<p>\u00ab\u00a0Arketype\u00a0\u00bb, Paire d\u2019AS. Gratuit sur toutes les plateformes. 11 titres.<\/p>\n<p class=\" wall-content\">Personnalisez votre actualit\u00e9 en ajoutant vos villes et m\u00e9dias en favori avec <a href=\"https:\/\/moncompte.actu.fr\" title=\"D\u00e9couvez Mon Actu\" rel=\"nofollow noopener\" data-trk=\"{&quot;cta&quot;:{&quot;action&quot;:&quot;https:\\\/\\\/moncompte.actu.fr&quot;,&quot;category&quot;:&quot;mon compte&quot;,&quot;from&quot;:&quot;article footer&quot;,&quot;name&quot;:&quot;Mon actu&quot;,&quot;type&quot;:&quot;cta&quot;}}\" target=\"_blank\">Mon Actu<\/a>.<\/p>\n","protected":false},"excerpt":{"rendered":"Par R\u00e9daction La R\u00e9publique de Seine et Marne Publi\u00e9 le 3 janv. 2026 \u00e0 7h00 \u00c0 43 et&hellip;\n","protected":false},"author":2,"featured_media":638248,"comment_status":"","ping_status":"","sticky":false,"template":"","format":"standard","meta":{"footnotes":""},"categories":[1355],"tags":[58,59,1011,27,1757,1361,873,3616,104],"class_list":{"0":"post-638247","1":"post","2":"type-post","3":"status-publish","4":"format-standard","5":"has-post-thumbnail","7":"category-musique","8":"tag-divertissement","9":"tag-entertainment","10":"tag-fr","11":"tag-france","12":"tag-insolite","13":"tag-music","14":"tag-musique","15":"tag-rap","16":"tag-societe"},"share_on_mastodon":{"url":"https:\/\/pubeurope.com\/@fr\/115831104061889960","error":""},"_links":{"self":[{"href":"https:\/\/www.europesays.com\/fr\/wp-json\/wp\/v2\/posts\/638247","targetHints":{"allow":["GET"]}}],"collection":[{"href":"https:\/\/www.europesays.com\/fr\/wp-json\/wp\/v2\/posts"}],"about":[{"href":"https:\/\/www.europesays.com\/fr\/wp-json\/wp\/v2\/types\/post"}],"author":[{"embeddable":true,"href":"https:\/\/www.europesays.com\/fr\/wp-json\/wp\/v2\/users\/2"}],"replies":[{"embeddable":true,"href":"https:\/\/www.europesays.com\/fr\/wp-json\/wp\/v2\/comments?post=638247"}],"version-history":[{"count":0,"href":"https:\/\/www.europesays.com\/fr\/wp-json\/wp\/v2\/posts\/638247\/revisions"}],"wp:featuredmedia":[{"embeddable":true,"href":"https:\/\/www.europesays.com\/fr\/wp-json\/wp\/v2\/media\/638248"}],"wp:attachment":[{"href":"https:\/\/www.europesays.com\/fr\/wp-json\/wp\/v2\/media?parent=638247"}],"wp:term":[{"taxonomy":"category","embeddable":true,"href":"https:\/\/www.europesays.com\/fr\/wp-json\/wp\/v2\/categories?post=638247"},{"taxonomy":"post_tag","embeddable":true,"href":"https:\/\/www.europesays.com\/fr\/wp-json\/wp\/v2\/tags?post=638247"}],"curies":[{"name":"wp","href":"https:\/\/api.w.org\/{rel}","templated":true}]}}