{"id":638251,"date":"2026-01-03T12:13:09","date_gmt":"2026-01-03T12:13:09","guid":{"rendered":"https:\/\/www.europesays.com\/fr\/638251\/"},"modified":"2026-01-03T12:13:09","modified_gmt":"2026-01-03T12:13:09","slug":"resistant-au-gel-et-tres-contagieux-ce-virus-plus-coriace-que-la-grippe-alerte-les-medecins","status":"publish","type":"post","link":"https:\/\/www.europesays.com\/fr\/638251\/","title":{"rendered":"R\u00e9sistant au gel et tr\u00e8s contagieux, ce virus plus coriace que la grippe alerte les m\u00e9decins"},"content":{"rendered":"<p>La fin d\u2019ann\u00e9e est synonyme de pics \u00e9pid\u00e9miques en France. En<br \/>\nsemaine 51, toutes les r\u00e9gions \u2013 \u00e0 l\u2019exception de <strong>La<br \/>\nR\u00e9union<\/strong> \u2013 <a href=\"https:\/\/www.melty.fr\/societe\/grippe-en-forte-hausse-les-zones-les-plus-touchees-les-symptomes-les-bons-reflexes-2280783.html\" target=\"_blank\" rel=\"noopener\"><br \/>\nsont concern\u00e9es par une flamb\u00e9e de cas de grippe<\/a>, de<br \/>\n<strong>bronchiolite<\/strong> ou de <strong>Covid-19<\/strong>. Mais<br \/>\nun autre virus, plus discret, gagne du terrain :<br \/>\nl\u2019<strong>ad\u00e9novirus<\/strong>. Les m\u00e9decins tirent la sonnette<br \/>\nd\u2019alarme face \u00e0 sa virulence et \u00e0 sa capacit\u00e9 \u00e0 r\u00e9sister aux gestes<br \/>\nbarri\u00e8res traditionnels.<\/p>\n<p>Il inqui\u00e8te d\u2019autant plus qu\u2019il provoque des sympt\u00f4mes<br \/>\nsimilaires \u00e0 ceux de la grippe : <strong>fi\u00e8vre \u00e9lev\u00e9e<\/strong>,<br \/>\n<strong>toux persistante<\/strong>, <strong>fatigue<\/strong>, et<br \/>\nparfois m\u00eame des <strong>complications digestives<\/strong> ou<br \/>\n<strong>ophtalmiques<\/strong>. \u00ab\u00a0En semaine 51, les indicateurs<br \/>\ninfections respiratoires aig\u00fces (IRA) demeuraient en nette<br \/>\naugmentation en ville et \u00e0 l\u00a0\u00bbh\u00f4pital, et ce, dans toutes les<br \/>\nclasses d&rsquo;\u00e2ge\u00a0\u00bb, rapporte <a href=\"https:\/\/www.mariefrance.fr\/equilibre\/coriace-grippe-virus-contagieux-resiste-gel-hydroalcoolique-inquiete-medecins-1232372.html\" target=\"_blank\" rel=\"noopener\">Marie France<\/a> dans un<br \/>\nr\u00e9cent num\u00e9ro.<\/p>\n<p>Un virus robuste, capable de r\u00e9sister aux gels<br \/>\nhydroalcooliques<\/p>\n<p>Le point faible de notre hygi\u00e8ne quotidienne est devenu la force<br \/>\nde ce virus. Contrairement au Covid-19 ou \u00e0 la grippe,<br \/>\n<strong>l\u2019ad\u00e9novirus ne poss\u00e8de pas d\u2019enveloppe lipidique<\/strong>.<br \/>\nCela lui conf\u00e8re une robustesse impressionnante sur les surfaces<br \/>\ns\u00e8ches. Sa structure favorise une survie de plusieurs jours, voire<br \/>\nplusieurs semaines, sur des surfaces s\u00e8ches (poign\u00e9es de porte,<br \/>\n\u00e9crans, jouets) et lui permet de r\u00e9sister aux gels hydroalcooliques<br \/>\nclassiques.<\/p>\n<p>D\u2019apr\u00e8s le <strong>Dr Eric Sachinwalla<\/strong>, directeur<br \/>\nm\u00e9dical du service de pr\u00e9vention et de contr\u00f4le des infections chez<br \/>\n<strong>Jefferson Health<\/strong> aux \u00c9tats-Unis, \u00ab\u00a0l&rsquo;ad\u00e9novirus<br \/>\nest tr\u00e8s contagieux, car il est plus r\u00e9sistant que d&rsquo;autres virus ;<br \/>\nl&rsquo;eau et le savon, ou les d\u00e9sinfectants courants, ne suffisent pas<br \/>\n\u00e0 l&rsquo;\u00e9liminer, ce qui lui permet de survivre plus longtemps dans<br \/>\nl&rsquo;environnement.\u00a0\u00bb<\/p>\n<p>Sa transmission est sournoise. \u00ab\u00a0La transmission d&rsquo;un<br \/>\nad\u00e9novirus se fait par un contact direct ou plus rarement par voie<br \/>\nmanuport\u00e9e (par l&rsquo;interm\u00e9diaire des mains en contact avec un objet<br \/>\nou un aliment contamin\u00e9) avec les s\u00e9cr\u00e9tions nasopharyng\u00e9es<br \/>\n(salive, gouttelettes respiratoires\u2026) ou les selles d&rsquo;une personne<br \/>\ninfect\u00e9e\u00a0\u00bb, explique la <strong>Dre Fabienne Kochert<\/strong>,<br \/>\np\u00e9diatre et pr\u00e9sidente de l\u2019<strong>AFPA,<\/strong> interview\u00e9e par<br \/>\n<a href=\"https:\/\/sante.journaldesfemmes.fr\/maladies\/3251519-pire-que-la-grippe-ce-virus-tres-contagieux-inquiete\/\" target=\"_blank\" rel=\"nofollow noopener\">Le Journal des<br \/>\nFemmes<\/a>.<\/p>\n<p>Peu connu, mais redoutable chez les<br \/>\nplus fragiles<\/p>\n<p>L\u2019ad\u00e9novirus n\u2019est pas nouveau, ni inconnu du monde m\u00e9dical.<br \/>\n\u00ab\u00a0Il ne s&rsquo;agit pas d&rsquo;un &lsquo;nouveau&rsquo; virus, mais d&rsquo;une famille de<br \/>\npathog\u00e8nes extr\u00eamement robustes qui circulent partout dans le<br \/>\nmonde.\u00a0\u00bb Ce qui change aujourd\u2019hui, c\u2019est son retour en force<br \/>\ndans un contexte d\u00e9j\u00e0 satur\u00e9 par d&rsquo;autres virus hivernaux.<\/p>\n<p>\u00ab\u00a0Ce virus est tr\u00e8s contagieux, car il est physiquement plus<br \/>\ncostaud\u00a0\u00bb, insiste le Dr Sachinwalla. Dans la majorit\u00e9 des cas,<br \/>\nil provoque des sympt\u00f4mes comparables \u00e0 une mauvaise grippe. Il<br \/>\ns&rsquo;agit entre autres de la <strong>fi\u00e8vre entre 39 et 40\u00b0C<\/strong>,<br \/>\n<strong>maux de gorge<\/strong>, <strong>conjonctivite<\/strong>,<br \/>\nparfois <strong>gastro-ent\u00e9rite<\/strong> chez les enfants. \u00ab\u00a0La<br \/>\nk\u00e9ratoconjonctivite est le signe le plus typique d&rsquo;une infection \u00e0<br \/>\nad\u00e9novirus, mais reste peu fr\u00e9quente\u00a0\u00bb, pr\u00e9cise la Dre<br \/>\nKochert.<\/p>\n<p>Le principal probl\u00e8me est l\u2019absence de traitement cibl\u00e9. Aucun<br \/>\nantiviral n\u2019est disponible \u00e0 ce jour. \u00ab\u00a0Il gu\u00e9rit spontan\u00e9ment<br \/>\ndans la majorit\u00e9 des cas en 1 \u00e0 2 semaines avec beaucoup de repos,<br \/>\nune bonne hydratation et la prise de parac\u00e9tamol pour soulager<br \/>\nla fi\u00e8vre.\u00a0\u00bb<\/p>\n<p>Chez les enfants, les personnes \u00e2g\u00e9es ou immunod\u00e9prim\u00e9es, la<br \/>\nprudence est de mise face \u00e0 <a href=\"https:\/\/www.melty.fr\/divers\/un-nouveau-virus-circule-cet-hiver-cest-maintenant-quil-faut-se-proteger-alertent-les-autorites-sanitaires-2283137.html\" target=\"_blank\" rel=\"noopener\"><br \/>\nce nouveau qui circule virus cet hiver<\/a>. \u00ab\u00a0Le syst\u00e8me<br \/>\nimmunitaire est parfaitement capable de l&rsquo;\u00e9liminer sans aide<br \/>\next\u00e9rieure.\u00a0\u00bb Mais un avis m\u00e9dical est vivement recommand\u00e9 pour<br \/>\n\u00e9viter toute complication.<\/p>\n","protected":false},"excerpt":{"rendered":"La fin d\u2019ann\u00e9e est synonyme de pics \u00e9pid\u00e9miques en France. En semaine 51, toutes les r\u00e9gions \u2013 \u00e0&hellip;\n","protected":false},"author":2,"featured_media":638252,"comment_status":"","ping_status":"","sticky":false,"template":"","format":"standard","meta":{"footnotes":""},"categories":[10],"tags":[4356,1011,27,72,71,65861],"class_list":{"0":"post-638251","1":"post","2":"type-post","3":"status-publish","4":"format-standard","5":"has-post-thumbnail","7":"category-sante","8":"tag-coronavirus","9":"tag-fr","10":"tag-france","11":"tag-health","12":"tag-sante","13":"tag-trend"},"share_on_mastodon":{"url":"https:\/\/pubeurope.com\/@fr\/115831111902760357","error":""},"_links":{"self":[{"href":"https:\/\/www.europesays.com\/fr\/wp-json\/wp\/v2\/posts\/638251","targetHints":{"allow":["GET"]}}],"collection":[{"href":"https:\/\/www.europesays.com\/fr\/wp-json\/wp\/v2\/posts"}],"about":[{"href":"https:\/\/www.europesays.com\/fr\/wp-json\/wp\/v2\/types\/post"}],"author":[{"embeddable":true,"href":"https:\/\/www.europesays.com\/fr\/wp-json\/wp\/v2\/users\/2"}],"replies":[{"embeddable":true,"href":"https:\/\/www.europesays.com\/fr\/wp-json\/wp\/v2\/comments?post=638251"}],"version-history":[{"count":0,"href":"https:\/\/www.europesays.com\/fr\/wp-json\/wp\/v2\/posts\/638251\/revisions"}],"wp:featuredmedia":[{"embeddable":true,"href":"https:\/\/www.europesays.com\/fr\/wp-json\/wp\/v2\/media\/638252"}],"wp:attachment":[{"href":"https:\/\/www.europesays.com\/fr\/wp-json\/wp\/v2\/media?parent=638251"}],"wp:term":[{"taxonomy":"category","embeddable":true,"href":"https:\/\/www.europesays.com\/fr\/wp-json\/wp\/v2\/categories?post=638251"},{"taxonomy":"post_tag","embeddable":true,"href":"https:\/\/www.europesays.com\/fr\/wp-json\/wp\/v2\/tags?post=638251"}],"curies":[{"name":"wp","href":"https:\/\/api.w.org\/{rel}","templated":true}]}}