{"id":638261,"date":"2026-01-03T12:18:12","date_gmt":"2026-01-03T12:18:12","guid":{"rendered":"https:\/\/www.europesays.com\/fr\/638261\/"},"modified":"2026-01-03T12:18:12","modified_gmt":"2026-01-03T12:18:12","slug":"de-nouveaux-pourparlers-ont-lieu-samedi-a-kiev-avec-les-allies-du-pays-pour-aborder-la-question-des-garanties-de-securite","status":"publish","type":"post","link":"https:\/\/www.europesays.com\/fr\/638261\/","title":{"rendered":"de nouveaux pourparlers ont lieu samedi \u00e0 Kiev avec les alli\u00e9s du pays pour aborder la question des garanties de s\u00e9curit\u00e9"},"content":{"rendered":"<p>   L\u2019opposition tch\u00e8que d\u00e9nonce les propos anti-ukrainiens du pr\u00e9sident de la chambre des d\u00e9put\u00e9s             <\/p>\n<p class=\"post__live-container--answer-text post__space-node\">Selon le site tch\u00e8que <a href=\"https:\/\/www.ceskenoviny.cz\/zpravy\/ods-chce-ve-snemovne-projednat-okamurovy-vyroky-podpori-jeho-odvolani\/2766734\" target=\"_blank\" rel=\"noopener\" title=\"Nouvelle fen\u00eatre\">Cesk\u00e9 novinyn<\/a>, les principaux partis d\u2019opposition souhaitent convoquer un vote \u00e0 la chambre des d\u00e9put\u00e9s sur la destitution de son pr\u00e9sident, Tomio Okamura (Libert\u00e9 et d\u00e9mocratie directe, ou SPD), suite \u00e0 son\u00a0discours du Nouvel An, dans lequel il a vivement critiqu\u00e9 l\u2019Ukraine et l\u2019Union europ\u00e9enne.<\/p>\n<p class=\"post__live-container--answer-text post__space-node\">Le pr\u00e9sident du parti d\u2019extr\u00eame droite prorusse (SPD) critiquait la fourniture d\u2019armes \u00e0 l\u2019Ukraine\u00a0: \u00ab\u00a0Je crois que notre r\u00e9publique quittera le train bruxellois qui, malgr\u00e9 les avertissements du gouvernement am\u00e9ricain, fonce droit vers la troisi\u00e8me guerre mondiale\u00a0\u00bb, a-t-il d\u00e9clar\u00e9.<\/p>\n<p class=\"post__live-container--answer-text post__space-node\">Il a r\u00e9p\u00e9t\u00e9 son opposition \u00e0 l\u2019adh\u00e9sion de l\u2019Ukraine \u00e0 l\u2019Union europ\u00e9enne et \u00e0 toute aide au pays face \u00e0 sa dette. \u00ab\u00a0L\u2019argent circule dans tous les sens et tout le monde y trouve son compte. Les entreprises et les gouvernements occidentaux, ainsi que les voleurs ukrainiens gravitant autour de la junte Zelensky, qui se construisent des toilettes en or\u00a0\u00bb, a-t-il lanc\u00e9 avec virulence \u00e0 propos du pr\u00e9sident Volodymyr Zelensky et de son entourage. \u00ab\u00a0Qu\u2019ils volent, mais pas chez nous\u00a0\u00bb, a ajout\u00e9 le pr\u00e9sident de la chambre des d\u00e9put\u00e9s.<\/p>\n<p class=\"post__live-container--answer-text post__space-node\">L\u2019ambassadeur ukrainien en R\u00e9publique tch\u00e8que, Vasyl Zvarych, a r\u00e9pondu, <a href=\"https:\/\/www.facebook.com\/permalink.php?story_fbid=pfbid02uzeW3Ltozh8yTVuoi7YCgdmLpD1CE5qp9Ye4i316nmHpyTPSfhz17PavZC7b2ubl&amp;id=100004136855199\" target=\"_blank\" rel=\"noopener\" title=\"Nouvelle fen\u00eatre\">sur Facebook<\/a>, \u00e0 ces propos\u00a0: \u00ab\u00a0Les mots qu\u2019il a os\u00e9 employer contre mes compatriotes et l\u2019Ukraine, y compris contre les dirigeants d\u00e9mocratiquement \u00e9lus de l\u2019Etat ukrainien, sont indignes et totalement inacceptables. Ils contredisent les principes d\u2019une soci\u00e9t\u00e9 d\u00e9mocratique et les valeurs sur lesquelles repose la R\u00e9publique tch\u00e8que, en tant que membre \u00e0 part enti\u00e8re de la communaut\u00e9 europ\u00e9enne.\u00a0\u00bb<\/p>\n","protected":false},"excerpt":{"rendered":"L\u2019opposition tch\u00e8que d\u00e9nonce les propos anti-ukrainiens du pr\u00e9sident de la chambre des d\u00e9put\u00e9s Selon le site tch\u00e8que Cesk\u00e9&hellip;\n","protected":false},"author":2,"featured_media":638262,"comment_status":"","ping_status":"","sticky":false,"template":"","format":"standard","meta":{"footnotes":""},"categories":[5],"tags":[11,1011,27,14,12,28],"class_list":{"0":"post-638261","1":"post","2":"type-post","3":"status-publish","4":"format-standard","5":"has-post-thumbnail","7":"category-international","8":"tag-actualites","9":"tag-fr","10":"tag-france","11":"tag-international","12":"tag-news","13":"tag-world"},"share_on_mastodon":{"url":"https:\/\/pubeurope.com\/@fr\/115831131640604721","error":""},"_links":{"self":[{"href":"https:\/\/www.europesays.com\/fr\/wp-json\/wp\/v2\/posts\/638261","targetHints":{"allow":["GET"]}}],"collection":[{"href":"https:\/\/www.europesays.com\/fr\/wp-json\/wp\/v2\/posts"}],"about":[{"href":"https:\/\/www.europesays.com\/fr\/wp-json\/wp\/v2\/types\/post"}],"author":[{"embeddable":true,"href":"https:\/\/www.europesays.com\/fr\/wp-json\/wp\/v2\/users\/2"}],"replies":[{"embeddable":true,"href":"https:\/\/www.europesays.com\/fr\/wp-json\/wp\/v2\/comments?post=638261"}],"version-history":[{"count":0,"href":"https:\/\/www.europesays.com\/fr\/wp-json\/wp\/v2\/posts\/638261\/revisions"}],"wp:featuredmedia":[{"embeddable":true,"href":"https:\/\/www.europesays.com\/fr\/wp-json\/wp\/v2\/media\/638262"}],"wp:attachment":[{"href":"https:\/\/www.europesays.com\/fr\/wp-json\/wp\/v2\/media?parent=638261"}],"wp:term":[{"taxonomy":"category","embeddable":true,"href":"https:\/\/www.europesays.com\/fr\/wp-json\/wp\/v2\/categories?post=638261"},{"taxonomy":"post_tag","embeddable":true,"href":"https:\/\/www.europesays.com\/fr\/wp-json\/wp\/v2\/tags?post=638261"}],"curies":[{"name":"wp","href":"https:\/\/api.w.org\/{rel}","templated":true}]}}