{"id":638263,"date":"2026-01-03T12:19:12","date_gmt":"2026-01-03T12:19:12","guid":{"rendered":"https:\/\/www.europesays.com\/fr\/638263\/"},"modified":"2026-01-03T12:19:12","modified_gmt":"2026-01-03T12:19:12","slug":"pres-de-80-departements-en-vigilance-ce-samedi-voici-les-previsions","status":"publish","type":"post","link":"https:\/\/www.europesays.com\/fr\/638263\/","title":{"rendered":"pr\u00e8s de 80 d\u00e9partements en vigilance ce samedi, voici les pr\u00e9visions"},"content":{"rendered":"<p>                    Par<br \/>\n        <strong><br \/>\n            <a href=\"https:\/\/actu.fr\/auteur\/redaction-actu\" title=\"Consulter tous les articles de R\u00e9daction Actu\" target=\"_blank\" rel=\"noopener\">R\u00e9daction Actu<\/a><br \/>\n                    <\/strong><\/p>\n<p>        Publi\u00e9 le<\/p>\n<p>            3 janv. 2026 \u00e0 7h09        <\/p>\n<p>Ce d\u00e9but d\u2019ann\u00e9e 2026 est d\u00e9cid\u00e9ment bien plac\u00e9 sous le signe du froid. <a href=\"https:\/\/actu.fr\/meteo\/\" target=\"_blank\" rel=\"noopener\">De la neige est m\u00eame attendue<\/a> pour ce premier week-end des 3 et 4\u00a0janvier, indiquent les diff\u00e9rents mod\u00e8les m\u00e9t\u00e9o.<\/p>\n<p class=\" wall-content\">Dans son bulletin pour ce samedi, <a href=\"https:\/\/vigilance.meteofrance.fr\/fr\" target=\"_blank\" rel=\"noopener\">M\u00e9t\u00e9o France<\/a> place <strong>79 d\u00e9partements en vigilance<\/strong>, pour <strong>\u00ab\u2009grand froid\u2009\u00bb, \u00ab\u2009neige-verglas\u2009\u00bb et \u00ab\u2009avalanches\u2009\u00bb<\/strong>.<\/p>\n<p class=\" wall-content\"><strong>La liste compl\u00e8te des territoires en vigilance ce samedi 3\u00a0janvier 2026\u2009:<\/strong><\/p>\n<ul class=\" wall-content\">\n<li>Ain\u2009: neige-verglas, grand froid<\/li>\n<li>Aisne\u2009: neige-verglas<\/li>\n<li>Allier\u2009: grand froid<\/li>\n<li>Hautes-Alpes\u2009: avalanches<\/li>\n<li>Ard\u00e8che\u2009: grand froid<\/li>\n<li>Ardennes\u2009: neige-verglas, grand froid<\/li>\n<li>Ari\u00e8ge\u2009: neige-verglas<\/li>\n<li>Aube\u2009: neige-verglas, grand froid<\/li>\n<li>Aveyron\u2009: grand froid<\/li>\n<li>Calvados\u2009: neige-verglas<\/li>\n<li>Cantal\u2009: grand froid<\/li>\n<li>Charente\u2009: neige-verglas<\/li>\n<li>Cher\u2009: neige-verglas<\/li>\n<li>Corr\u00e8ze\u2009: neige-verglas, grand froid<\/li>\n<li>Corse-du-Sud\u2009: avalanches<\/li>\n<li>Haute-Corse\u2009: avalanches<\/li>\n<li>C\u00f4te-d\u2019Or\u2009: neige-verglas, grand froid<\/li>\n<li>C\u00f4tes d\u2019Armor\u2009: neige-verglas<\/li>\n<li>Creuse\u2009: neige-verglas, grand froid<\/li>\n<li>Doubs\u2009: neige-verglas, grand froid<\/li>\n<li>Dr\u00f4me\u2009: grand froid<\/li>\n<li>Eure\u2009: neige-verglas<\/li>\n<li>Eure-et-Loir\u2009: neige-verglas<\/li>\n<li>Finist\u00e8re\u2009: neige-verglas<\/li>\n<li>Haute-Garonne\u2009: neige-verglas<\/li>\n<li>Ille-et-Vilaine\u2009: neige-verglas<\/li>\n<li>Indre\u2009: neige-verglas<\/li>\n<li>Indre-et-Loire\u2009: neige-verglas<\/li>\n<li>Is\u00e8re\u2009: grand froid<\/li>\n<li>Jura\u2009: neige-verglas, grand froid<\/li>\n<li>Loir-et-Cher\u2009: neige-verglas<\/li>\n<li>Loire\u2009: grand froid<\/li>\n<li>Haute-Loire\u2009: grand froid<\/li>\n<li>Loire-Atlantique\u2009: neige-verglas<\/li>\n<li>Loiret\u2009: neige-verglas<\/li>\n<li>Lot\u2009: grand froid<\/li>\n<li>Loz\u00e8re\u2009: grand froid<\/li>\n<li>Maine-et-Loire\u2009: neige-verglas<\/li>\n<li>Manche\u2009: neige-verglas<\/li>\n<li>Marne\u2009: neige-verglas, grand froid<\/li>\n<li>Haute-Marne\u2009: neige-verglas, grand froid<\/li>\n<li>Mayenne\u2009: neige-verglas<\/li>\n<li>Meurthe-et-Moselle\u2009: neige-verglas, grand froid<\/li>\n<li>Meuse\u2009: neige-verglas, grand froid<\/li>\n<li>Morbihan\u2009: neige-verglas<\/li>\n<li>Moselle\u2009: neige-verglas, grand froid<\/li>\n<li>Ni\u00e8vre\u2009: neige-verglas, grand froid<\/li>\n<li>Nord\u2009: neige-verglas, vagues-submersion<\/li>\n<li>Oise\u2009: neige-verglas<\/li>\n<li>Orne\u2009: neige-verglas<\/li>\n<li>Pas-de-Calais\u2009: neige-verglas<\/li>\n<li>Puy-de-D\u00f4me\u2009: grand froid<\/li>\n<li>Pyr\u00e9n\u00e9es-Atlantiques\u2009: neige-verglas<\/li>\n<li>Hautes-Pyr\u00e9n\u00e9es\u2009: neige-verglas<\/li>\n<li>Bas-Rhin\u2009: neige-verglas, grand froid<\/li>\n<li>Haut-Rhin\u2009: neige-verglas, grand froid<\/li>\n<li>Rh\u00f4ne\u2009: grand froid<\/li>\n<li>Haute-Sa\u00f4ne\u2009: neige-verglas, grand froid<\/li>\n<li>Sa\u00f4ne-et-Loire\u2009: neige-verglas, grand froid<\/li>\n<li>Sarthe\u2009: neige-verglas<\/li>\n<li>Savoie\u2009: avalanches, grand froid<\/li>\n<li>Haute-Savoie\u2009: grand froid<\/li>\n<li>Paris\u2009: neige-verglas<\/li>\n<li>Seine-Maritime\u2009: neige-verglas<\/li>\n<li>Seine-et-Marne\u2009: neige-verglas<\/li>\n<li>Yvelines\u2009: neige-verglas<\/li>\n<li>Deux-S\u00e8vres\u2009: neige-verglas<\/li>\n<li>Somme\u2009: neige-verglas<\/li>\n<li>Vend\u00e9e\u2009: neige-verglas<\/li>\n<li>Vienne\u2009: neige-verglas<\/li>\n<li>Haute-Vienne\u2009: neige-verglas, grand froid<\/li>\n<li>Vosges\u2009: neige-verglas, grand froid<\/li>\n<li>Yonne\u2009: neige-verglas, grand froid<\/li>\n<li>Terr. de Belfort\u2009: neige-verglas, grand froid<\/li>\n<li>Essonne\u2009: neige-verglas<\/li>\n<li>Hauts-de-Seine\u2009: neige-verglas<\/li>\n<li>Seine-Saint-Denis\u2009: neige-verglas<\/li>\n<li>Val-de-Marne\u2009: neige-verglas<\/li>\n<li>Val-d\u2019Oise\u2009: neige-verglas<\/li>\n<\/ul>\n<p>Les pr\u00e9visions pour ce samedi<\/p>\n<p class=\" wall-content\">Pour la journ\u00e9e de ce samedi 3\u00a0janvier, <a href=\"https:\/\/meteofrance.com\/\" target=\"_blank\" rel=\"noopener\">M\u00e9t\u00e9o France<\/a> annonce un temps \u00ab\u2009encore bien froid\u2009\u00bb, avec \u00ab\u2009un peu de neige dans le Nord-Est\u2009\u00bb.<\/p>\n<blockquote class=\"ac-article-quote wall-content\">\n<p>Sur la fa\u00e7ade est de la France, du nord des Alpes aux Ardennes et sur l&rsquo;Alsace-Lorraine, quelques flocons sont encore possibles en premi\u00e8re partie de journ\u00e9e. Du nord de la Bretagne \u00e0 la Normandie, le temps s&rsquo;annonce variable en journ\u00e9e avec des averses, et parfois de la neige sur les collines normandes. Des pays de Loire au Nord, la journ\u00e9e se d\u00e9roule globalement sous le soleil.<\/p>\n<p>    <strong>M\u00e9t\u00e9o France<\/strong>\n            <\/p><\/blockquote>\n<p class=\" wall-content\">Si la journ\u00e9e de vendredi marquait un \u00ab\u2009petit \u00e9pisode de neige\u2009\u00bb, le week-end conna\u00eetra surtout un \u00ab\u2009froid sec et mordant\u2009\u00bb, indique le m\u00e9t\u00e9orologue Yann Amice \u00e0 <a href=\"http:\/\/actu.fr\" target=\"_blank\" rel=\"noopener\">actu.fr<\/a>.<\/p>\n<p>Votre r\u00e9gion, votre actu !<\/p>\n<p>Recevez chaque jour les infos qui comptent pour vous.<\/p>\n<p>\t<a href=\"https:\/\/actu.fr\/newsletter\" class=\"ac-btn ac-btn--corner ac-btn--medium ac-btn--blue800\" target=\"_blank\" rel=\"noopener\">S&rsquo;incrire<\/a><\/p>\n<blockquote class=\"ac-article-quote wall-content\">\n<p>La France demeure sous l\u2019influence dominante d\u2019un air froid et plut\u00f4t sec, avec surtout un froid marqu\u00e9, une n\u00e9bulosit\u00e9 de basses couches parfois persistante, des brouillards givrants et, au mieux, quelques flocons \u00e9pars sans caract\u00e8re durable.<\/p>\n<p>    <strong>Yann Amice<\/strong><br \/>\n        M\u00e9t\u00e9orologue    <\/p><\/blockquote>\n<p class=\" wall-content\">\u00ab\u2009Les gel\u00e9es restent d\u2019actualit\u00e9\u2009\u00bb, selon M\u00e9t\u00e9o France. Samedi, \u00ab\u2009on attend -8 \u00e0 -3 degr\u00e9s de l\u2019Auvergne au Nord-Est, -4 \u00e0 0 degr\u00e9s sur le reste du pays, 2 \u00e0 8 degr\u00e9s en bord de M\u00e9diterran\u00e9e\u2009\u00bb.<\/p>\n<p class=\" wall-content\">\u00ab\u2009Les temp\u00e9ratures maximales restent n\u00e9gatives par endroits sur le Nord-Est. On attend 1 \u00e0 8 degr\u00e9s en g\u00e9n\u00e9ral sur le pays du nord au sud, 10 \u00e0 16 degr\u00e9s sur la c\u00f4te d\u2019Azur et en Corse\u2009\u00bb, ajoute M\u00e9t\u00e9o France.<\/p>\n<p class=\" wall-content\">Personnalisez votre actualit\u00e9 en ajoutant vos villes et m\u00e9dias en favori avec <a href=\"https:\/\/moncompte.actu.fr\" title=\"D\u00e9couvez Mon Actu\" rel=\"nofollow noopener\" data-trk=\"{&quot;cta&quot;:{&quot;action&quot;:&quot;https:\\\/\\\/moncompte.actu.fr&quot;,&quot;category&quot;:&quot;mon compte&quot;,&quot;from&quot;:&quot;article footer&quot;,&quot;name&quot;:&quot;Mon actu&quot;,&quot;type&quot;:&quot;cta&quot;}}\" target=\"_blank\">Mon Actu<\/a>.<\/p>\n","protected":false},"excerpt":{"rendered":"Par R\u00e9daction Actu Publi\u00e9 le 3 janv. 2026 \u00e0 7h09 Ce d\u00e9but d\u2019ann\u00e9e 2026 est d\u00e9cid\u00e9ment bien plac\u00e9&hellip;\n","protected":false},"author":2,"featured_media":638264,"comment_status":"","ping_status":"","sticky":false,"template":"","format":"standard","meta":{"footnotes":""},"categories":[4],"tags":[11,1011,27,3447,2487,2357,10584,12,25],"class_list":{"0":"post-638263","1":"post","2":"type-post","3":"status-publish","4":"format-standard","5":"has-post-thumbnail","7":"category-france","8":"tag-actualites","9":"tag-fr","10":"tag-france","11":"tag-froid","12":"tag-meteo","13":"tag-meteo-france","14":"tag-neige","15":"tag-news","16":"tag-republique-francaise"},"share_on_mastodon":{"url":"https:\/\/pubeurope.com\/@fr\/115831135565129381","error":""},"_links":{"self":[{"href":"https:\/\/www.europesays.com\/fr\/wp-json\/wp\/v2\/posts\/638263","targetHints":{"allow":["GET"]}}],"collection":[{"href":"https:\/\/www.europesays.com\/fr\/wp-json\/wp\/v2\/posts"}],"about":[{"href":"https:\/\/www.europesays.com\/fr\/wp-json\/wp\/v2\/types\/post"}],"author":[{"embeddable":true,"href":"https:\/\/www.europesays.com\/fr\/wp-json\/wp\/v2\/users\/2"}],"replies":[{"embeddable":true,"href":"https:\/\/www.europesays.com\/fr\/wp-json\/wp\/v2\/comments?post=638263"}],"version-history":[{"count":0,"href":"https:\/\/www.europesays.com\/fr\/wp-json\/wp\/v2\/posts\/638263\/revisions"}],"wp:featuredmedia":[{"embeddable":true,"href":"https:\/\/www.europesays.com\/fr\/wp-json\/wp\/v2\/media\/638264"}],"wp:attachment":[{"href":"https:\/\/www.europesays.com\/fr\/wp-json\/wp\/v2\/media?parent=638263"}],"wp:term":[{"taxonomy":"category","embeddable":true,"href":"https:\/\/www.europesays.com\/fr\/wp-json\/wp\/v2\/categories?post=638263"},{"taxonomy":"post_tag","embeddable":true,"href":"https:\/\/www.europesays.com\/fr\/wp-json\/wp\/v2\/tags?post=638263"}],"curies":[{"name":"wp","href":"https:\/\/api.w.org\/{rel}","templated":true}]}}