{"id":638267,"date":"2026-01-03T12:21:11","date_gmt":"2026-01-03T12:21:11","guid":{"rendered":"https:\/\/www.europesays.com\/fr\/638267\/"},"modified":"2026-01-03T12:21:11","modified_gmt":"2026-01-03T12:21:11","slug":"boa-concept-maintient-le-cap-dans-un-contexte-tendu","status":"publish","type":"post","link":"https:\/\/www.europesays.com\/fr\/638267\/","title":{"rendered":"Boa Concept maintient le cap dans un contexte tendu"},"content":{"rendered":"<p>\u00ab\u00a0Au niveau du groupe, nous sommes en croissance, mais le march\u00e9 fran\u00e7ais est tr\u00e8s poussif. En raison du contexte politique et \u00e9conomique, tout le monde attend, \u00e9vite de prendre des risques et donc d\u2019investir\u00a0\u00bb, se d\u00e9sole Chantal Ledoux, cofondatrice de Boa Concept, concepteur et fabricant d\u2019\u00e9quipements pour l\u2019intralogistique (notamment de convoyeurs modulaires intelligents).<\/p>\n<p>Certes, la PME st\u00e9phanoise avait valid\u00e9, ces derniers mois,&#8230;<\/p>\n","protected":false},"excerpt":{"rendered":"\u00ab\u00a0Au niveau du groupe, nous sommes en croissance, mais le march\u00e9 fran\u00e7ais est tr\u00e8s poussif. En raison du&hellip;\n","protected":false},"author":2,"featured_media":638268,"comment_status":"","ping_status":"","sticky":false,"template":"","format":"standard","meta":{"footnotes":""},"categories":[9653],"tags":[1111,11,2430,33,7539,1777,674,1011,27,693,3367,12,25,4001,7538],"class_list":{"0":"post-638267","1":"post","2":"type-post","3":"status-publish","4":"format-standard","5":"has-post-thumbnail","7":"category-saint-etienne","8":"tag-actu","9":"tag-actualites","10":"tag-auvergne-rhone-alpes","11":"tag-economie","12":"tag-edition-loire-sud","13":"tag-eu","14":"tag-europe","15":"tag-fr","16":"tag-france","17":"tag-industrie","18":"tag-loire","19":"tag-news","20":"tag-republique-francaise","21":"tag-saint-etienne","22":"tag-saint-etienne-ville"},"share_on_mastodon":{"url":"https:\/\/pubeurope.com\/@fr\/115831143471532353","error":""},"_links":{"self":[{"href":"https:\/\/www.europesays.com\/fr\/wp-json\/wp\/v2\/posts\/638267","targetHints":{"allow":["GET"]}}],"collection":[{"href":"https:\/\/www.europesays.com\/fr\/wp-json\/wp\/v2\/posts"}],"about":[{"href":"https:\/\/www.europesays.com\/fr\/wp-json\/wp\/v2\/types\/post"}],"author":[{"embeddable":true,"href":"https:\/\/www.europesays.com\/fr\/wp-json\/wp\/v2\/users\/2"}],"replies":[{"embeddable":true,"href":"https:\/\/www.europesays.com\/fr\/wp-json\/wp\/v2\/comments?post=638267"}],"version-history":[{"count":0,"href":"https:\/\/www.europesays.com\/fr\/wp-json\/wp\/v2\/posts\/638267\/revisions"}],"wp:featuredmedia":[{"embeddable":true,"href":"https:\/\/www.europesays.com\/fr\/wp-json\/wp\/v2\/media\/638268"}],"wp:attachment":[{"href":"https:\/\/www.europesays.com\/fr\/wp-json\/wp\/v2\/media?parent=638267"}],"wp:term":[{"taxonomy":"category","embeddable":true,"href":"https:\/\/www.europesays.com\/fr\/wp-json\/wp\/v2\/categories?post=638267"},{"taxonomy":"post_tag","embeddable":true,"href":"https:\/\/www.europesays.com\/fr\/wp-json\/wp\/v2\/tags?post=638267"}],"curies":[{"name":"wp","href":"https:\/\/api.w.org\/{rel}","templated":true}]}}