{"id":638274,"date":"2026-01-03T12:28:09","date_gmt":"2026-01-03T12:28:09","guid":{"rendered":"https:\/\/www.europesays.com\/fr\/638274\/"},"modified":"2026-01-03T12:28:09","modified_gmt":"2026-01-03T12:28:09","slug":"dans-les-annees-80-il-existait-des-ratonnades-a-montpellier-lex-candidate-zemmouriste-florence-medina-jugee-en-appel-ce-lundi","status":"publish","type":"post","link":"https:\/\/www.europesays.com\/fr\/638274\/","title":{"rendered":"\u00ab\u00a0Dans les ann\u00e9es 80, il existait des ratonnades\u2026\u00a0\u00bb\u00a0: \u00e0 Montpellier, l\u2019ex-candidate zemmouriste Florence M\u00e9dina jug\u00e9e en appel ce lundi"},"content":{"rendered":"<p>\n                                                                Le 21\u00a0novembre 2024, l\u2019ex-candidate Reconqu\u00eate aux l\u00e9gislatives de 2022 avait \u00e9t\u00e9 reconnue coupable de provocation \u00e0 la haine, pour des propos \u00e9crits sur son compte Facebook. Condamn\u00e9e \u00e0 quatre mois de prison avec sursis par le tribunal correctionnel de Montpellier, elle avait aussit\u00f4t annonc\u00e9 faire appel de cette d\u00e9cision. Elle sera \u00e0 nouveau jug\u00e9e ce lundi 5\u00a0janvier \u00e0 la Cour d\u2019appel de Montpellier.\n                            <\/p>\n<p>\u00ab\u00a0Si c\u2019est la guerre que les racailles veulent, ils vont l\u2019avoir. Dans les ann\u00e9es 80, il existait des ratonnades. Au risque de choquer, \u00e7a peut recommencer, mais nous ne laisserons pas nos enfants se faire assassiner l\u00e2chement par des racailles en surnombre et arm\u00e9es\u2026\u00a0\u00bb. Fin 2023, c\u2019est en ces termes que<a href=\"https:\/\/www.midilibre.fr\/2024\/11\/22\/dans-les-annees-80-il-existait-des-ratonnades-condamnee-a-quatre-mois-de-prison-avec-sursis-la-zemmouriste-florence-medina-fait-appel-12340589.php\" target=\"_blank\" rel=\"noopener\"> l\u2019ex-candidate zemmouriste aux \u00e9lections l\u00e9gislatives \u00e0 Montpellier, Florence M\u00e9dina<\/a>, avait r\u00e9agi \u00e0 la mort du jeune Thomas, \u00e0 Cr\u00e9pol dans la Dr\u00f4me.<\/p>\n<p>Condamn\u00e9e pour provocation publique \u00e0 la haine<\/p>\n<p>Cette publication sur son compte Facebook lui avait valu d\u2019\u00eatre poursuivie et condamn\u00e9e en novembre\u00a02024\u00a0pour provocation publique \u00e0 la haine. Le\u00a0tribunal correctionnel de Montpellier avait prononc\u00e9 \u00e0 son encontre une peine de quatre mois de prison avec sursis, trois ans d\u2019in\u00e9ligibilit\u00e9, obligation d\u2019effectuer un stage de citoyennet\u00e9 sous peine d\u2019une amende de 2\u00a0000\u00a0\u20ac, et d\u2019indemniser SOS Racisme et la Ligue fran\u00e7aise des droits de l\u2019Homme, parties civiles, \u00e0 hauteur de 800\u00a0\u20ac chacune.<\/p>\n<p>Contestant depuis le d\u00e9but de la proc\u00e9dure le caract\u00e8re raciste de ses propos, Florence M\u00e9dina avait aussit\u00f4t annonc\u00e9 son intention de faire appel de cette d\u00e9cision.<\/p>\n<p>Elle sera \u00e0 nouveau jug\u00e9e ce lundi 5\u00a0janvier \u00e0 la Cour d\u2019Appel de Montpellier.<\/p>\n","protected":false},"excerpt":{"rendered":"Le 21\u00a0novembre 2024, l\u2019ex-candidate Reconqu\u00eate aux l\u00e9gislatives de 2022 avait \u00e9t\u00e9 reconnue coupable de provocation \u00e0 la haine,&hellip;\n","protected":false},"author":2,"featured_media":638275,"comment_status":"","ping_status":"","sticky":false,"template":"","format":"standard","meta":{"footnotes":""},"categories":[9599],"tags":[1111,11,1777,674,1011,27,7089,303,2208,12,2680,25],"class_list":{"0":"post-638274","1":"post","2":"type-post","3":"status-publish","4":"format-standard","5":"has-post-thumbnail","7":"category-montpellier","8":"tag-actu","9":"tag-actualites","10":"tag-eu","11":"tag-europe","12":"tag-fr","13":"tag-france","14":"tag-herault","15":"tag-justice","16":"tag-montpellier","17":"tag-news","18":"tag-occitanie","19":"tag-republique-francaise"},"share_on_mastodon":{"url":"https:\/\/pubeurope.com\/@fr\/115831171001142783","error":""},"_links":{"self":[{"href":"https:\/\/www.europesays.com\/fr\/wp-json\/wp\/v2\/posts\/638274","targetHints":{"allow":["GET"]}}],"collection":[{"href":"https:\/\/www.europesays.com\/fr\/wp-json\/wp\/v2\/posts"}],"about":[{"href":"https:\/\/www.europesays.com\/fr\/wp-json\/wp\/v2\/types\/post"}],"author":[{"embeddable":true,"href":"https:\/\/www.europesays.com\/fr\/wp-json\/wp\/v2\/users\/2"}],"replies":[{"embeddable":true,"href":"https:\/\/www.europesays.com\/fr\/wp-json\/wp\/v2\/comments?post=638274"}],"version-history":[{"count":0,"href":"https:\/\/www.europesays.com\/fr\/wp-json\/wp\/v2\/posts\/638274\/revisions"}],"wp:featuredmedia":[{"embeddable":true,"href":"https:\/\/www.europesays.com\/fr\/wp-json\/wp\/v2\/media\/638275"}],"wp:attachment":[{"href":"https:\/\/www.europesays.com\/fr\/wp-json\/wp\/v2\/media?parent=638274"}],"wp:term":[{"taxonomy":"category","embeddable":true,"href":"https:\/\/www.europesays.com\/fr\/wp-json\/wp\/v2\/categories?post=638274"},{"taxonomy":"post_tag","embeddable":true,"href":"https:\/\/www.europesays.com\/fr\/wp-json\/wp\/v2\/tags?post=638274"}],"curies":[{"name":"wp","href":"https:\/\/api.w.org\/{rel}","templated":true}]}}