{"id":638276,"date":"2026-01-03T12:29:12","date_gmt":"2026-01-03T12:29:12","guid":{"rendered":"https:\/\/www.europesays.com\/fr\/638276\/"},"modified":"2026-01-03T12:29:12","modified_gmt":"2026-01-03T12:29:12","slug":"des-coups-de-feu-signales-dans-deux-quartiers-de-la-ville","status":"publish","type":"post","link":"https:\/\/www.europesays.com\/fr\/638276\/","title":{"rendered":"des coups de feu signal\u00e9s dans deux quartiers de la ville"},"content":{"rendered":"<p>                    Par<br \/>\n        <strong><br \/>\n            <a href=\"https:\/\/actu.fr\/auteur\/lea-pippinato\" title=\"Consulter tous les articles de L\u00e9a Pippinato\" target=\"_blank\" rel=\"noopener\">L\u00e9a Pippinato<\/a><br \/>\n                    <\/strong><\/p>\n<p>        Publi\u00e9 le<\/p>\n<p>            3 janv. 2026 \u00e0 11h47        <\/p>\n<p>La premi\u00e8re alerte tombe <strong>ce mercredi 31 d\u00e9cembre 2025<\/strong> vers 22h30. Un riverain appelle la police apr\u00e8s avoir entendu des coups de feu dans le quartier des Pr\u00e9s d\u2019ar\u00e8nes, \u00e0 proximit\u00e9 de la station de tram Saint-Martin, \u00e0 Montpellier.<\/p>\n<p>    <a href=\"https:\/\/www.google.com\/maps\/embed?pb=!1m18!1m12!1m3!1d23114.090373704526!2d3.8338559999999995!3d43.6011008!2m3!1f0!2f0!3f0!3m2!1i1024!2i768!4f13.1!3m3!1m2!1s0x12b6afbe7fa23087%3A0xbc938f9e547ae88f!2sSaint-Martin%2C%2034000%20Montpellier!5e0!3m2!1sfr!2sfr!4v1767436982642!5m2!1sfr!2sfr\" title=\"Ouvrie le lien\" target=\"_blank\" rel=\"noopener\">Cliquez ici pour visualiser le contenu<\/a><\/p>\n<p class=\" wall-content\">Arriv\u00e9s sur place, les policiers nationaux recueillent le t\u00e9moignage de l\u2019homme. Il d\u00e9crit un groupe d\u2019individus v\u00eatus de noir, cagoul\u00e9s et capuch\u00e9s. Selon lui, ils s\u2019en prennent \u00e0 un automobiliste arr\u00eat\u00e9 dans sa voiture. L\u2019un d\u2019eux sort alors une arme de poing. Deux d\u00e9tonations retentissent et le groupe prend la fuite aussit\u00f4t.<\/p>\n<p class=\" wall-content\">Les forces de l\u2019ordre lancent des recherches dans le secteur. Non loin de la sc\u00e8ne, elles contr\u00f4lent un groupe d\u2019hommes dont la tenue correspond au signalement. Les jeunes semblent chercher quelque chose au sol. Parmi eux, les policiers interpellent un mineur en fugue. En poursuivant les v\u00e9rifications, les agents d\u00e9couvrent une douille de calibre 6,65 mm \u00e0 terre. Aucun bless\u00e9 n\u2019est signal\u00e9 \u00e0 ce stade.<\/p>\n<p>Des tirs au petit matin \u00e0 Montaub\u00e9rou<\/p>\n<p class=\" wall-content\">Quelques heures plus tard, une nouvelle intervention mobilise la police. Il est un peu avant 5h du matin, <strong>ce jeudi 1er janvier 2026<\/strong>, lorsque des habitants du quartier Montaub\u00e9rou, \u00e0 l\u2019est de la ville, signalent des d\u00e9tonations. Plusieurs t\u00e9moins \u00e9voquent des tirs et la pr\u00e9sence d\u2019un homme habill\u00e9 de noir. Il porte un col \u00e0 fourrure et une cagoule.<\/p>\n<p>Vid\u00e9os : en ce moment sur Actu<br \/>\n    <a href=\"https:\/\/www.google.com\/maps\/embed?pb=!1m18!1m12!1m3!1d11554.923090132!2d3.9074062712300788!3d43.612146987662506!2m3!1f0!2f0!3f0!3m2!1i1024!2i768!4f13.1!3m3!1m2!1s0x12b6a59cc270ef3b%3A0x82e18597c0ecceb6!2sMontaub%C3%A9rou%2C%2034000%20Montpellier!5e0!3m2!1sfr!2sfr!4v1767436995224!5m2!1sfr!2sfr\" title=\"Ouvrie le lien\" target=\"_blank\" rel=\"noopener\">Cliquez ici pour visualiser le contenu<\/a><\/p>\n<p class=\" wall-content\">\u00c0 l\u2019arriv\u00e9e des policiers, un homme de 64 ans se pr\u00e9sente comme victime. Il explique qu\u2019un individu aurait tir\u00e9 \u00e0 quatre reprises en sa direction sans parvenir \u00e0 l\u2019atteindre. Sur les lieux, les forces de l\u2019ordre retrouvent quatre \u00e9tuis de calibre 12, charg\u00e9s de plomb N9. L\u00e0 encore, aucune blessure n\u2019est constat\u00e9e. Les enqu\u00eateurs cherchent d\u00e9sormais \u00e0 \u00e9tablir un lien entre ces deux \u00e9pisodes nocturnes.<\/p>\n<p class=\" wall-content\">Personnalisez votre actualit\u00e9 en ajoutant vos villes et m\u00e9dias en favori avec <a href=\"https:\/\/moncompte.actu.fr\" title=\"D\u00e9couvez Mon Actu\" rel=\"nofollow noopener\" data-trk=\"{&quot;cta&quot;:{&quot;action&quot;:&quot;https:\\\/\\\/moncompte.actu.fr&quot;,&quot;category&quot;:&quot;mon compte&quot;,&quot;from&quot;:&quot;article footer&quot;,&quot;name&quot;:&quot;Mon actu&quot;,&quot;type&quot;:&quot;cta&quot;}}\" target=\"_blank\">Mon Actu<\/a>.<\/p>\n","protected":false},"excerpt":{"rendered":"Par L\u00e9a Pippinato Publi\u00e9 le 3 janv. 2026 \u00e0 11h47 La premi\u00e8re alerte tombe ce mercredi 31 d\u00e9cembre&hellip;\n","protected":false},"author":2,"featured_media":638277,"comment_status":"","ping_status":"","sticky":false,"template":"","format":"standard","meta":{"footnotes":""},"categories":[9599],"tags":[1111,11,1777,674,118,1011,27,2208,12,2680,1072,25],"class_list":{"0":"post-638276","1":"post","2":"type-post","3":"status-publish","4":"format-standard","5":"has-post-thumbnail","7":"category-montpellier","8":"tag-actu","9":"tag-actualites","10":"tag-eu","11":"tag-europe","12":"tag-faits-divers","13":"tag-fr","14":"tag-france","15":"tag-montpellier","16":"tag-news","17":"tag-occitanie","18":"tag-police","19":"tag-republique-francaise"},"share_on_mastodon":{"url":"https:\/\/pubeurope.com\/@fr\/115831174782521996","error":""},"_links":{"self":[{"href":"https:\/\/www.europesays.com\/fr\/wp-json\/wp\/v2\/posts\/638276","targetHints":{"allow":["GET"]}}],"collection":[{"href":"https:\/\/www.europesays.com\/fr\/wp-json\/wp\/v2\/posts"}],"about":[{"href":"https:\/\/www.europesays.com\/fr\/wp-json\/wp\/v2\/types\/post"}],"author":[{"embeddable":true,"href":"https:\/\/www.europesays.com\/fr\/wp-json\/wp\/v2\/users\/2"}],"replies":[{"embeddable":true,"href":"https:\/\/www.europesays.com\/fr\/wp-json\/wp\/v2\/comments?post=638276"}],"version-history":[{"count":0,"href":"https:\/\/www.europesays.com\/fr\/wp-json\/wp\/v2\/posts\/638276\/revisions"}],"wp:featuredmedia":[{"embeddable":true,"href":"https:\/\/www.europesays.com\/fr\/wp-json\/wp\/v2\/media\/638277"}],"wp:attachment":[{"href":"https:\/\/www.europesays.com\/fr\/wp-json\/wp\/v2\/media?parent=638276"}],"wp:term":[{"taxonomy":"category","embeddable":true,"href":"https:\/\/www.europesays.com\/fr\/wp-json\/wp\/v2\/categories?post=638276"},{"taxonomy":"post_tag","embeddable":true,"href":"https:\/\/www.europesays.com\/fr\/wp-json\/wp\/v2\/tags?post=638276"}],"curies":[{"name":"wp","href":"https:\/\/api.w.org\/{rel}","templated":true}]}}