{"id":63828,"date":"2025-04-30T07:41:13","date_gmt":"2025-04-30T07:41:13","guid":{"rendered":"https:\/\/www.europesays.com\/fr\/63828\/"},"modified":"2025-04-30T07:41:13","modified_gmt":"2025-04-30T07:41:13","slug":"asterix-et-obelix-le-combat-des-chefs-pourquoi-ca-surprend-en-bien-20-minutes","status":"publish","type":"post","link":"https:\/\/www.europesays.com\/fr\/63828\/","title":{"rendered":"\u00ab Ast\u00e9rix et Ob\u00e9lix : Le Combat des chefs \u00bb : Pourquoi \u00e7a surprend (en bien) &#8211; 20 Minutes"},"content":{"rendered":"<ol>\n<li><a href=\"https:\/\/news.google.com\/rss\/articles\/CBMiswFBVV95cUxPejJQYWlaVzJ0UUxFOTdBRVZoS2JDTXlhUVpyRzFwZnRnR0kxdTlKLTVyUjhOckJZWS1oV0VOZXpCZEZMZkpxc21HVVJ0R1UyTlp2SFRTdmtxQ1NRMUhxUkxRaTdLT1A4amhmemc3UU9MY3NraURKYzhUdW1oNlZib0NKcHppS0ZfVy1PeUtzVkFhaGVGUjFFSFRTM3BUTXVtTEkyNUh1Nm9MRXZfRURYb25lRQ?oc=5\" target=\"_blank\" rel=\"nofollow noopener\">\u00ab Ast\u00e9rix et Ob\u00e9lix : Le Combat des chefs \u00bb : Pourquoi \u00e7a surprend (en bien)<\/a>&nbsp;&nbsp;20 Minutes<\/li>\n<li><a href=\"https:\/\/news.google.com\/rss\/articles\/CBMi-wFBVV95cUxOLUY0Q05OU0FrRjltTzNWamF2OGZHd19QQXhvOGp1WW94ZjNtTWZNdzl2WFI4VnFNSW9renZSOWNpaGFBN3haVEpnamNPMjA1ZzRpQUUyQTBUS081NlYtOFdEeFZqWDNHWXlXVWVtYjQ4Z2FCd2hGcm1ZXy1XZnc4UzFCbEVoTk5EY2doU1VveUNuSF9IRzQwb3BzejBPTDF6QU9TS2dDSUV2N0JKRldTTkFZazB1NlpLdVhjTTNPQkVvbzY0a2cxNEI2ejVjcTNDZGRPdzNoTklHdjdjUGk3cUNaTkFicFNBRGVHblM0ckczYzdMaTdkZHNPWQ?oc=5\" target=\"_blank\" rel=\"nofollow noopener\">\u00ab\u00a0Le Combat des chefs\u00a0\u00bb sur Netflix : Alain Chabat consacre \u00e0 Ast\u00e9rix une r\u00e9jouissante mini-s\u00e9rie d&rsquo;animation<\/a>&nbsp;&nbsp;France Info<\/li>\n<li><a href=\"https:\/\/news.google.com\/rss\/articles\/CBMigAJBVV95cUxQbHd4RDdURjdJY21XY1JyLW5mR21LM0E3UXVUNm9BTGV1SjAtRmtXVHdtYTBzZ2xRMEdBdkp2WmpoN0tpZ3VxWW1qWGNPdVZtMDdUd0VZY0hNWGVxZHBVZUVlcVRWeFB1bmNnM293TEtXNmZhS0R0TFNEUzliS1VaZHFXVFdPOUdsMUtjY0hjbzlsd3NjaUFPRHFjd25wbXU0ZE1RUTZ1Y2RzbmlqRmdKYUxDbm5neHl6M2ZrZjJpRXRackN2eTRxYlhUamxvbkU5Uzh4Z0pvN0F0d3NLN0Z4Ym82SmNVSFhEV19sUl9JQ0dFb2x1UWdGZFFCMTgwcWFD?oc=5\" target=\"_blank\" rel=\"nofollow noopener\">Ast\u00e9rix, 300 salari\u00e9s&#8230; Comment trois jeunes des Pyr\u00e9n\u00e9es-Orientales sont devenus des r\u00e9f\u00e9rences des films d&rsquo;animation<\/a>&nbsp;&nbsp;francebleu.fr<\/li>\n<li><a href=\"https:\/\/news.google.com\/rss\/articles\/CBMi1AFBVV95cUxOVjZJSXdZVTdSS2thWENLSGxSSll1ZGxrd1JvVlVaRjk4VGpIWS1pc1ZxTXoxcGwxemxUeng5TzZtVlhxMnh4WDZYb1ZEaHYtRURTUEdubml5eWlBSWZ0ZjhPZy11VWFuUU5wQmJyTkFJOElGYVJYa0c1a1pVUzVOZEFncTVMVENzOXNaXzBPZ1FTaUg3dDFBcUYwUlV4aFluU25mZVYxRkdzVjhtaXRBOWc0bFZtRE5MVzAycjJqQkJoTTFDNTZjelM3bkJJRXh4VGlWVA?oc=5\" target=\"_blank\" rel=\"nofollow noopener\">Quiz. \u00cates-vous incollable sur Ast\u00e9rix et Ob\u00e9lix ?<\/a>&nbsp;&nbsp;Ouest-France<\/li>\n<li><a href=\"https:\/\/news.google.com\/rss\/articles\/CBMikgJBVV95cUxPNVFfX3lwX3Z2UkZHbE42Tk96V0tranhOYkVhVzdjRVJKdEs1U3lhbFcyUmlyTWlDS3pKTGNhVHZFVzAtLXVOSVFVb1VNZDJSdWRLVHVYd21BQS1YOVpTUE9nSFA5UXBLbElXV0R6SnBna0ctSWttczlEVHVMbi1ISHRpdHFBTGxBSlZNejRUbEdxd2l3VEk2RmNjMEdDTTFtQng3Vm0xMWE4dmhYd0hZZEJhVXVzN25nVTdpWjIzVTN6OGN5TURLV0NDdFp6S29SS2hCd2tNNk5qOE1jT1pyeUIxaDdrM196bEJCTXdEOFdEZ05vYUxTMUpmMTNrVVA2Vy1qeGZncmJJelk2aVZOOW5n?oc=5\" target=\"_blank\" rel=\"nofollow noopener\">TAT, le studio d\u2019animation toulousain derri\u00e8re le village gaulois, pour la s\u00e9rie \u00ab Ast\u00e9rix et Ob\u00e9lix. Le combat des chefs \u00bb<\/a>&nbsp;&nbsp;Le Monde.fr<\/li>\n<\/ol>\n","protected":false},"excerpt":{"rendered":"\u00ab Ast\u00e9rix et Ob\u00e9lix : Le Combat des chefs \u00bb : Pourquoi \u00e7a surprend (en bien)&nbsp;&nbsp;20 Minutes \u00ab\u00a0Le&hellip;\n","protected":false},"author":2,"featured_media":63829,"comment_status":"","ping_status":"","sticky":false,"template":"","format":"standard","meta":{"footnotes":""},"categories":[1354],"tags":[16223,14103,9993,650,251,58,59,1346,1011,27,1360,127],"class_list":{"0":"post-63828","1":"post","2":"type-post","3":"status-publish","4":"format-standard","5":"has-post-thumbnail","7":"category-films","8":"tag-alain-chabat","9":"tag-asterix","10":"tag-bd","11":"tag-cinema","12":"tag-culture","13":"tag-divertissement","14":"tag-entertainment","15":"tag-films","16":"tag-fr","17":"tag-france","18":"tag-movies","19":"tag-netflix"},"share_on_mastodon":{"url":"https:\/\/pubeurope.com\/@fr\/114425789479113590","error":""},"_links":{"self":[{"href":"https:\/\/www.europesays.com\/fr\/wp-json\/wp\/v2\/posts\/63828","targetHints":{"allow":["GET"]}}],"collection":[{"href":"https:\/\/www.europesays.com\/fr\/wp-json\/wp\/v2\/posts"}],"about":[{"href":"https:\/\/www.europesays.com\/fr\/wp-json\/wp\/v2\/types\/post"}],"author":[{"embeddable":true,"href":"https:\/\/www.europesays.com\/fr\/wp-json\/wp\/v2\/users\/2"}],"replies":[{"embeddable":true,"href":"https:\/\/www.europesays.com\/fr\/wp-json\/wp\/v2\/comments?post=63828"}],"version-history":[{"count":0,"href":"https:\/\/www.europesays.com\/fr\/wp-json\/wp\/v2\/posts\/63828\/revisions"}],"wp:featuredmedia":[{"embeddable":true,"href":"https:\/\/www.europesays.com\/fr\/wp-json\/wp\/v2\/media\/63829"}],"wp:attachment":[{"href":"https:\/\/www.europesays.com\/fr\/wp-json\/wp\/v2\/media?parent=63828"}],"wp:term":[{"taxonomy":"category","embeddable":true,"href":"https:\/\/www.europesays.com\/fr\/wp-json\/wp\/v2\/categories?post=63828"},{"taxonomy":"post_tag","embeddable":true,"href":"https:\/\/www.europesays.com\/fr\/wp-json\/wp\/v2\/tags?post=63828"}],"curies":[{"name":"wp","href":"https:\/\/api.w.org\/{rel}","templated":true}]}}