{"id":638280,"date":"2026-01-03T12:35:12","date_gmt":"2026-01-03T12:35:12","guid":{"rendered":"https:\/\/www.europesays.com\/fr\/638280\/"},"modified":"2026-01-03T12:35:12","modified_gmt":"2026-01-03T12:35:12","slug":"une-automobiliste-percute-un-adolescent-au-pont-de-claix","status":"publish","type":"post","link":"https:\/\/www.europesays.com\/fr\/638280\/","title":{"rendered":"une automobiliste percute un adolescent au Pont-de-Claix"},"content":{"rendered":"<p itemprop=\"description\"><strong>L&rsquo;accident est survenu ce vendredi soir au Pont-de-Claix.<\/strong><\/p>\n<p>Vers 19h30, un adolescent de 16 ans a \u00e9t\u00e9 percut\u00e9 par une automobiliste alors qu&rsquo;il traversait la route sur le cours Saint-Andr\u00e9.<\/p>\n<p>Les circonstances exactes de l&rsquo;accident restent \u00e0 \u00e9claircir mais le choc a \u00e9t\u00e9 important. La victime a \u00e9t\u00e9 prise en charge puis hospitalis\u00e9e au CHU Grenoble Alpes dans un \u00e9tat critique, souffrant de multiples fractures.<\/p>\n<p>Une enqu\u00eate a \u00e9t\u00e9 ouverte. Selon le Dauphin\u00e9 Lib\u00e9r\u00e9, les tests de d\u00e9pistage r\u00e9alis\u00e9es sur la conductrice sont revenus n\u00e9gatifs.<\/p>\n","protected":false},"excerpt":{"rendered":"L&rsquo;accident est survenu ce vendredi soir au Pont-de-Claix. Vers 19h30, un adolescent de 16 ans a \u00e9t\u00e9 percut\u00e9&hellip;\n","protected":false},"author":2,"featured_media":638281,"comment_status":"","ping_status":"","sticky":false,"template":"","format":"standard","meta":{"footnotes":""},"categories":[9566],"tags":[1111,11,2813,2430,1109,251,1112,2811,1777,674,118,1011,27,21780,2731,14004,1922,1110,1114,108,12,316,25,2812,517,800],"class_list":{"0":"post-638280","1":"post","2":"type-post","3":"status-publish","4":"format-standard","5":"has-post-thumbnail","7":"category-grenoble","8":"tag-actu","9":"tag-actualites","10":"tag-article","11":"tag-auvergne-rhone-alpes","12":"tag-breves","13":"tag-culture","14":"tag-depeches","15":"tag-economique","16":"tag-eu","17":"tag-europe","18":"tag-faits-divers","19":"tag-fr","20":"tag-france","21":"tag-gf38","22":"tag-grenoble","23":"tag-grenoblemag","24":"tag-info","25":"tag-informations","26":"tag-infos","27":"tag-isere","28":"tag-news","29":"tag-politique","30":"tag-republique-francaise","31":"tag-sociale","32":"tag-sport","33":"tag-transports"},"share_on_mastodon":{"url":"https:\/\/pubeurope.com\/@fr\/115831198424221941","error":""},"_links":{"self":[{"href":"https:\/\/www.europesays.com\/fr\/wp-json\/wp\/v2\/posts\/638280","targetHints":{"allow":["GET"]}}],"collection":[{"href":"https:\/\/www.europesays.com\/fr\/wp-json\/wp\/v2\/posts"}],"about":[{"href":"https:\/\/www.europesays.com\/fr\/wp-json\/wp\/v2\/types\/post"}],"author":[{"embeddable":true,"href":"https:\/\/www.europesays.com\/fr\/wp-json\/wp\/v2\/users\/2"}],"replies":[{"embeddable":true,"href":"https:\/\/www.europesays.com\/fr\/wp-json\/wp\/v2\/comments?post=638280"}],"version-history":[{"count":0,"href":"https:\/\/www.europesays.com\/fr\/wp-json\/wp\/v2\/posts\/638280\/revisions"}],"wp:featuredmedia":[{"embeddable":true,"href":"https:\/\/www.europesays.com\/fr\/wp-json\/wp\/v2\/media\/638281"}],"wp:attachment":[{"href":"https:\/\/www.europesays.com\/fr\/wp-json\/wp\/v2\/media?parent=638280"}],"wp:term":[{"taxonomy":"category","embeddable":true,"href":"https:\/\/www.europesays.com\/fr\/wp-json\/wp\/v2\/categories?post=638280"},{"taxonomy":"post_tag","embeddable":true,"href":"https:\/\/www.europesays.com\/fr\/wp-json\/wp\/v2\/tags?post=638280"}],"curies":[{"name":"wp","href":"https:\/\/api.w.org\/{rel}","templated":true}]}}