{"id":638282,"date":"2026-01-03T12:36:11","date_gmt":"2026-01-03T12:36:11","guid":{"rendered":"https:\/\/www.europesays.com\/fr\/638282\/"},"modified":"2026-01-03T12:36:11","modified_gmt":"2026-01-03T12:36:11","slug":"tout-le-monde-peut-la-reproduire-a-rennes-il-a-cree-une-imprimante-braille-pour-les-malvoyants-du-monde-entier","status":"publish","type":"post","link":"https:\/\/www.europesays.com\/fr\/638282\/","title":{"rendered":"\u00ab\u00a0Tout le monde peut la reproduire\u00a0\u00bb\u00a0: \u00e0 Rennes, il a cr\u00e9\u00e9 une imprimante braille pour les malvoyants du monde entier"},"content":{"rendered":"<p>C\u2019est une imprimante pas comme les autres : une bo\u00eete en plexiglas transparent, un petit moteur, des tubes, des logiciels et des composants \u00e9lectroniques qui, contrairement aux machines traditionnelles, n\u2019impriment pas des caract\u00e8res mais\u2026 du braille. Son nom : BrailleRap, une \u00ab embosseuse \u00bb \u2013 comme on dit dans le jargon \u2013 qui permet d\u2019imprimer textes et dessins en braille, pour les personnes mal ou non-voyantes.<\/p>\n<p>N\u00e9 d\u00e9but 2018 \u00e0 Rennes, dans l\u2019atelier de l\u2019association My Human Kit, le projet est port\u00e9 par son coinventeur, St\u00e9phane Godin. \u00ab Avec Philippe Pacotte, on s\u2019est surtout lanc\u00e9 l\u00e0-dedans parce qu\u2019on voulait construire une machine, rembobine l\u2019informaticien, rencontr\u00e9 en amont de la journ\u00e9e mondiale du braille, organis\u00e9e ce dimanche 4 janvier. Et puis une fois qu\u2019on l\u2019a fait, on a eu de bons retours de gens malvoyants, qui nous ont dit que la qualit\u00e9 du braille \u00e9tait super et qu\u2019il fallait continuer. \u00bb<\/p>\n<p><img decoding=\"async\" src=\"https:\/\/www.europesays.com\/fr\/wp-content\/uploads\/2026\/01\/6957ee7dbef07d7d9b099a32.1.jpeg\" width=\"480\" height=\"300\" class=\"web_golden_m\" loading=\"lazy\" alt=\"L\u2019imprimante braille BrailleRap, \u00e0 Rennes, a \u00e9t\u00e9 reproduite \u00e0 70 exemplaires un peu partout dans le monde.\"\/>L\u2019imprimante braille BrailleRap, \u00e0 Rennes, a \u00e9t\u00e9 reproduite \u00e0 70 exemplaires un peu partout dans le monde. (Photo Le T\u00e9l\u00e9gramme\/Guillaume Bietry)Des co\u00fbts r\u00e9duits<\/p>\n<p>C\u2019est ce qu\u2019ils ont fait, aid\u00e9s par plus de 200 contributeurs, avec lesquels ils ont finalement cr\u00e9\u00e9 un outil unique en son genre : la seule imprimante braille con\u00e7ue en mode \u00ab open source \u00bb. \u00ab Gr\u00e2ce \u00e0 \u00e7a, <a href=\"https:\/\/www.braillerap.org\/\" target=\"_blank\" rel=\"noopener\">tous les plans sont accessibles gratuitement et librement<\/a>, tout le monde peut reproduire la machine, explique St\u00e9phane Godin. \u00ab \u00c7a fait vraiment partie de l\u2019ADN de My Human Kit \u00bb, ajoute le directeur de l\u2019association, Charlie Dr\u00e9ano. La d\u00e9marche permet aussi de faire baisser les co\u00fbts. Comptez environ 400 \u20ac pour fabriquer une imprimante BrailleRap en format A3, contre a minima 6 000 \u20ac dans le commerce, o\u00f9 sont propos\u00e9es des machines permettant d\u2019imprimer plus vite et en plus gros volumes que BrailleRap.\ufeff<\/p>\n<p>En proc\u00e9dant ainsi, BrailleRap veut d\u00e9mocratiser l\u2019impression en braille, notamment dans les pays les plus d\u00e9favoris\u00e9s, et rendre plus accessible ce syst\u00e8me d\u2019\u00e9criture tactile aujourd\u2019hui utilis\u00e9 par seulement 10 % \u00e0 15 % des non-voyants dans le monde. \u00ab Conna\u00eetre le braille, c\u2019est savoir lire, \u00e9crire, \u00e7a conditionne tout le reste, c\u2019est tr\u00e8s important \u00bb, estime St\u00e9phane Godin.<\/p>\n<p>Un livre en braille \u00e0 venir<\/p>\n<p>\u00c0 ce jour, l\u2019imprimante bretonne a \u00e9t\u00e9 reproduite \u00e0 70 exemplaires dans une vingtaine de pays : \u00c9tats-Unis, Argentine, S\u00e9n\u00e9gal, Belgique, Cameroun, Turquie, Espagne, Chine, Bhoutan, Indon\u00e9sie, Philippines\u2026 \u00c0 Rennes, elle a \u00e9t\u00e9 install\u00e9e au Mus\u00e9es des Beaux-Arts de Rennes, \u00e0 l\u2019H\u00f4tel Pasteur ou encore au sein de l\u2019universit\u00e9 Rennes 2. \u00ab Il y en a peut-\u00eatre d\u2019autres ailleurs, les gens ne sont pas oblig\u00e9s de nous pr\u00e9venir ! \u00bb, sourit St\u00e9phane Godin, qui travaille actuellement sur un nouveau projet : imprimer un premier livre en braille avec sa machine. \u00ab La Free Software Foundation Europe diffuse un livre pour enfants sur l\u2019open source, son pr\u00e9sident a souhait\u00e9 en faire une version en braille. \u00bb L\u2019objet devrait \u00eatre pr\u00e9sent\u00e9 fin janvier 2026, lors d\u2019un \u00e9v\u00e9nement \u00e0 Bruxelles.<\/p>\n","protected":false},"excerpt":{"rendered":"C\u2019est une imprimante pas comme les autres : une bo\u00eete en plexiglas transparent, un petit moteur, des tubes,&hellip;\n","protected":false},"author":2,"featured_media":638283,"comment_status":"","ping_status":"","sticky":false,"template":"","format":"standard","meta":{"footnotes":""},"categories":[2821],"tags":[1111,11,829,251,1777,674,1011,27,1943,848,12,584,25],"class_list":{"0":"post-638282","1":"post","2":"type-post","3":"status-publish","4":"format-standard","5":"has-post-thumbnail","7":"category-rennes","8":"tag-actu","9":"tag-actualites","10":"tag-bretagne","11":"tag-culture","12":"tag-eu","13":"tag-europe","14":"tag-fr","15":"tag-france","16":"tag-handicap","17":"tag-ille-et-vilaine","18":"tag-news","19":"tag-rennes","20":"tag-republique-francaise"},"share_on_mastodon":{"url":"https:\/\/pubeurope.com\/@fr\/115831202564094541","error":""},"_links":{"self":[{"href":"https:\/\/www.europesays.com\/fr\/wp-json\/wp\/v2\/posts\/638282","targetHints":{"allow":["GET"]}}],"collection":[{"href":"https:\/\/www.europesays.com\/fr\/wp-json\/wp\/v2\/posts"}],"about":[{"href":"https:\/\/www.europesays.com\/fr\/wp-json\/wp\/v2\/types\/post"}],"author":[{"embeddable":true,"href":"https:\/\/www.europesays.com\/fr\/wp-json\/wp\/v2\/users\/2"}],"replies":[{"embeddable":true,"href":"https:\/\/www.europesays.com\/fr\/wp-json\/wp\/v2\/comments?post=638282"}],"version-history":[{"count":0,"href":"https:\/\/www.europesays.com\/fr\/wp-json\/wp\/v2\/posts\/638282\/revisions"}],"wp:featuredmedia":[{"embeddable":true,"href":"https:\/\/www.europesays.com\/fr\/wp-json\/wp\/v2\/media\/638283"}],"wp:attachment":[{"href":"https:\/\/www.europesays.com\/fr\/wp-json\/wp\/v2\/media?parent=638282"}],"wp:term":[{"taxonomy":"category","embeddable":true,"href":"https:\/\/www.europesays.com\/fr\/wp-json\/wp\/v2\/categories?post=638282"},{"taxonomy":"post_tag","embeddable":true,"href":"https:\/\/www.europesays.com\/fr\/wp-json\/wp\/v2\/tags?post=638282"}],"curies":[{"name":"wp","href":"https:\/\/api.w.org\/{rel}","templated":true}]}}