{"id":638288,"date":"2026-01-03T12:39:13","date_gmt":"2026-01-03T12:39:13","guid":{"rendered":"https:\/\/www.europesays.com\/fr\/638288\/"},"modified":"2026-01-03T12:39:13","modified_gmt":"2026-01-03T12:39:13","slug":"rc-strasbourg-will-still-pour-remplacer-rosenior","status":"publish","type":"post","link":"https:\/\/www.europesays.com\/fr\/638288\/","title":{"rendered":"RC Strasbourg : Will Still pour remplacer Rosenior ?"},"content":{"rendered":"<p>Le Racing Club de Strasbourg s\u2019appr\u00eate \u00e0 vivre un nouveau tournant.<\/p>\n<p>Annonc\u00e9 sur le d\u00e9part pour Chelsea, Liam Rosenior pourrait rapidement laisser vacant le banc alsacien. Face \u00e0 cette situation, l\u2019actionnaire BlueCo a d\u00e9j\u00e0 entam\u00e9 ses recherches et pense \u00e0 un visage bien connu de la Ligue 1.<\/p>\n<p>Selon The Telegraph, Will Still figure parmi les options s\u00e9rieusement envisag\u00e9es par BlueCo. Libre depuis son d\u00e9part de Southampton en novembre \u2013 cinq mois seulement apr\u00e8s sa nomination \u2013 le technicien belgo-britannique reste une piste cr\u00e9dible. Son passage \u00e0 Lens avait \u00e9t\u00e9 \u00e9court\u00e9 dans un contexte personnel difficile, mais son travail remarqu\u00e9 \u00e0 Reims, marqu\u00e9 par une s\u00e9rie historique de 19 matchs sans d\u00e9faite en Ligue 1 lors de la saison 2022-2023, demeure dans les m\u00e9moires.<\/p>\n<p>Keller en d\u00e9saccord, BlueCo aux commandes<\/p>\n<p>Le dossier s\u2019inscrit dans un climat tendu \u00e0 Strasbourg. D\u00e9j\u00e0 \u00e9chaud\u00e9s par le transfert du capitaine Emanuel Emegha, les ultras de la Meinau pourraient mal dig\u00e9rer le d\u00e9part de Rosenior, pressenti pour succ\u00e9der \u00e0 Enzo Maresca chez les Blues. En parall\u00e8le, les divergences entre Marc Keller et le consortium am\u00e9ricain se seraient aggrav\u00e9es, au point que le pr\u00e9sident songerait \u00e0 la d\u00e9mission. BlueCo pilote donc directement la recherche du futur entra\u00eeneur.<\/p>\n<p>Un profil compatible<\/p>\n<p>Autre nom \u00e9voqu\u00e9 : Eric Ramsey, actuel coach de Minnesota United, b\u00e9n\u00e9ficierait d\u2019un bon a priori aupr\u00e8s de la direction. Mais Still pr\u00e9sente plusieurs arguments solides : il conna\u00eet la Ligue 1, ma\u00eetrise le fran\u00e7ais et l\u2019anglais, et a d\u00e9montr\u00e9 sa capacit\u00e9 \u00e0 tirer le meilleur d\u2019un effectif jeune. Apr\u00e8s avoir d\u00e9clin\u00e9 l\u2019offre du FC Nantes, l\u2019ancien coach r\u00e9mois pourrait \u00eatre s\u00e9duit par le projet strasbourgeois \u2014 d\u2019autant qu\u2019une place europ\u00e9enne est en jeu cette saison.<\/p>\n","protected":false},"excerpt":{"rendered":"Le Racing Club de Strasbourg s\u2019appr\u00eate \u00e0 vivre un nouveau tournant. Annonc\u00e9 sur le d\u00e9part pour Chelsea, Liam&hellip;\n","protected":false},"author":2,"featured_media":638289,"comment_status":"","ping_status":"","sticky":false,"template":"","format":"standard","meta":{"footnotes":""},"categories":[2820],"tags":[1111,11,1777,674,1011,27,775,12,25,640],"class_list":{"0":"post-638288","1":"post","2":"type-post","3":"status-publish","4":"format-standard","5":"has-post-thumbnail","7":"category-strasbourg","8":"tag-actu","9":"tag-actualites","10":"tag-eu","11":"tag-europe","12":"tag-fr","13":"tag-france","14":"tag-grand-est","15":"tag-news","16":"tag-republique-francaise","17":"tag-strasbourg"},"share_on_mastodon":{"url":"https:\/\/pubeurope.com\/@fr\/115831214164530154","error":""},"_links":{"self":[{"href":"https:\/\/www.europesays.com\/fr\/wp-json\/wp\/v2\/posts\/638288","targetHints":{"allow":["GET"]}}],"collection":[{"href":"https:\/\/www.europesays.com\/fr\/wp-json\/wp\/v2\/posts"}],"about":[{"href":"https:\/\/www.europesays.com\/fr\/wp-json\/wp\/v2\/types\/post"}],"author":[{"embeddable":true,"href":"https:\/\/www.europesays.com\/fr\/wp-json\/wp\/v2\/users\/2"}],"replies":[{"embeddable":true,"href":"https:\/\/www.europesays.com\/fr\/wp-json\/wp\/v2\/comments?post=638288"}],"version-history":[{"count":0,"href":"https:\/\/www.europesays.com\/fr\/wp-json\/wp\/v2\/posts\/638288\/revisions"}],"wp:featuredmedia":[{"embeddable":true,"href":"https:\/\/www.europesays.com\/fr\/wp-json\/wp\/v2\/media\/638289"}],"wp:attachment":[{"href":"https:\/\/www.europesays.com\/fr\/wp-json\/wp\/v2\/media?parent=638288"}],"wp:term":[{"taxonomy":"category","embeddable":true,"href":"https:\/\/www.europesays.com\/fr\/wp-json\/wp\/v2\/categories?post=638288"},{"taxonomy":"post_tag","embeddable":true,"href":"https:\/\/www.europesays.com\/fr\/wp-json\/wp\/v2\/tags?post=638288"}],"curies":[{"name":"wp","href":"https:\/\/api.w.org\/{rel}","templated":true}]}}