{"id":638298,"date":"2026-01-03T12:45:23","date_gmt":"2026-01-03T12:45:23","guid":{"rendered":"https:\/\/www.europesays.com\/fr\/638298\/"},"modified":"2026-01-03T12:45:23","modified_gmt":"2026-01-03T12:45:23","slug":"un-ex-girondins-epate-tout-le-monde-en-arabie-saoudite","status":"publish","type":"post","link":"https:\/\/www.europesays.com\/fr\/638298\/","title":{"rendered":"Un ex-Girondins \u00e9pate tout le monde en Arabie Saoudite"},"content":{"rendered":"<p>                                            Publi\u00e9 le 03\/01\/2026 \u00e0 09h46<br \/>\n                                                                                2 minutes de lecture\n                                                                    <\/p>\n<p>F\u00e9ru de sport et plus particuli\u00e8rement de ballon rond depuis ma plus tendre enfance.<\/p>\n<p>                                            Lire la suite<\/p>\n<p>L\u00a0\u00bbancien milieu offensif des Girondins de Bordeaux, <strong>Valentin Vada<\/strong>, conna\u00eet un d\u00e9but de saison remarquable en Saudi Pro League sous les couleurs du FC Damac. Le joueur argentin de <strong>29 ans<\/strong> d\u00e9montre une forme \u00e9clatante depuis son arriv\u00e9e l&rsquo;\u00e9t\u00e9 dernier, multipliant les performances d\u00e9cisives pour son nouveau club. En seulement <strong>douze rencontres disput\u00e9es<\/strong>, l&rsquo;ex-Girondin a d\u00e9j\u00e0 trouv\u00e9 le chemin des filets \u00e0 six reprises, \u00e9galant ainsi son meilleur total personnel r\u00e9alis\u00e9 lors de la saison 2016-2017 avec Bordeaux. Cette progression constante t\u00e9moigne de l&rsquo;adaptation r\u00e9ussie du milieu offensif au championnat saoudien, o\u00f9 il s&rsquo;impose progressivement comme un \u00e9l\u00e9ment cl\u00e9 de l&rsquo;attaque de Damac. Son exp\u00e9rience europ\u00e9enne et sa technique raffin\u00e9e lui permettent de faire la diff\u00e9rence dans un contexte footballistique exigeant, confirmant les espoirs plac\u00e9s en lui lors de son recrutement estival.<\/p>\n<p>                                <img decoding=\"async\" src=\"https:\/\/www.europesays.com\/fr\/wp-content\/uploads\/2025\/04\/1744123449_543_logo.png\" alt=\"Logo\"\/><\/p>\n<p>100\u20ac offerts sur ton 1er pari !<\/p>\n<p>                            <a href=\"https:\/\/www.score.fr\/redirection\/1\/\" class=\"headband-button\" target=\"_blank\" rel=\"noopener\">J&rsquo;en profite<\/a><\/p>\n<p>                                                                <img loading=\"lazy\" decoding=\"async\" src=\"https:\/\/www.europesays.com\/fr\/wp-content\/uploads\/2026\/01\/bordeaux-un-ex-girondins-epate-tout-le-monde-en-arabie-saoudite.jpg\" alt=\"Illustration : &quot;Bordeaux : Un ex-Girondins \u00e9pate tout le monde en Arabie Saoudite&quot;\" class=\"figure-img img-fluid\" width=\"780\" height=\"478\"\/><\/p>\n<p>                                    \u00a9 Site officiel des Girondins de Bordeaux                                <\/p>\n<p>Une efficacit\u00e9 redoutable devant le but<\/p>\n<p>Les deux derni\u00e8res sorties de <strong>Valentin Vada<\/strong> illustrent parfaitement sa mont\u00e9e en puissance actuelle. Face \u00e0 Al-Qadsiah, il a permis \u00e0 son \u00e9quipe d&rsquo;arracher un pr\u00e9cieux match nul <strong>(1-1)<\/strong> gr\u00e2ce \u00e0 sa r\u00e9alisation, avant de r\u00e9cidiver de mani\u00e8re encore plus spectaculaire contre Al-Okhdood. Dans cette confrontation cruciale, l&rsquo;ancien Girondin a inscrit <strong>le but de la victoire<\/strong> permettant \u00e0 Damac de s&rsquo;imposer <strong>(0-1)<\/strong> et de d\u00e9crocher son premier succ\u00e8s de la saison. Cette performance rev\u00eat une importance particuli\u00e8re car elle intervient dans un contexte difficile pour le club, actuellement en lutte pour le maintien. L&rsquo;impact de Vada d\u00e9passe le simple aspect statistique : ses buts arrivent \u00e0 des moments d\u00e9cisifs et t\u00e9moignent d&rsquo;une capacit\u00e9 \u00e0 hausser son niveau de jeu quand l&rsquo;\u00e9quipe en a le plus besoin. Son sens du placement et sa vista lui permettent de se cr\u00e9er des occasions dans des espaces restreints, qualit\u00e9s qui font de lui un atout pr\u00e9cieux pour son entra\u00eeneur.<\/p>\n<p>Un parcours professionnel riche d&rsquo;exp\u00e9riences<\/p>\n<p>Le passage de <strong>Valentin Vada<\/strong> par les Girondins de Bordeaux entre <strong>2010 et 2019<\/strong> a marqu\u00e9 une \u00e9tape fondamentale de sa carri\u00e8re, alliant formation au centre de formation et \u00e9panouissement professionnel. Durant la saison 2016-2017, il avait d\u00e9j\u00e0 d\u00e9montr\u00e9 ses qualit\u00e9s offensives en inscrivant <strong>six buts en 33 matches<\/strong> sous le maillot au scapulaire, performance qu&rsquo;il \u00e9gale aujourd&rsquo;hui en Arabie Saoudite. Son meilleur total personnel remonte \u00e0 l&rsquo;exercice 2021-2022 avec le <strong>Real Saragosse<\/strong>, o\u00f9 il avait trouv\u00e9 le chemin des filets \u00e0 <strong>sept reprises<\/strong>. Cette progression constante dans sa capacit\u00e9 \u00e0 marquer t\u00e9moigne d&rsquo;une \u00e9volution tactique et technique remarquable. Son exp\u00e9rience europ\u00e9enne, notamment en Liga espagnole, lui conf\u00e8re une maturit\u00e9 footballistique qui se ressent dans ses choix sur le terrain. La diversit\u00e9 de ses exp\u00e9riences clubs lui permet aujourd&rsquo;hui d&rsquo;apporter une plus-value technique et mentale \u00e0 une \u00e9quipe de Damac en qu\u00eate de stabilit\u00e9 et de r\u00e9sultats.<\/p>\n<p>Des d\u00e9fis \u00e0 relever pour l&rsquo;avenir<\/p>\n<p>Malgr\u00e9 les performances individuelles encourageantes de <strong>Valentin Vada<\/strong>, le FC Damac traverse une p\u00e9riode d\u00e9licate au classement. Actuellement <strong>14e de Saudi Pro League<\/strong>, l&rsquo;\u00e9quipe ne compte qu&rsquo;un point d&rsquo;avance sur la zone de rel\u00e9gation, situation qui place une pression suppl\u00e9mentaire sur les \u00e9paules de ses joueurs cadres. Le prochain d\u00e9fi s&rsquo;annonce particuli\u00e8rement relev\u00e9 avec la confrontation face \u00e0 <strong>Al-Hilal<\/strong>, formation de Malcom actuellement <strong>deuxi\u00e8me du classement<\/strong>. Cette rencontre constituera un v\u00e9ritable test pour mesurer les ambitions et le potentiel r\u00e9el de Damac cette saison. L&rsquo;apport de Vada sera crucial pour permettre \u00e0 son \u00e9quipe de franchir un cap et de s&rsquo;\u00e9loigner d\u00e9finitivement des zones dangereuses du classement g\u00e9n\u00e9ral.<\/p>\n","protected":false},"excerpt":{"rendered":"Publi\u00e9 le 03\/01\/2026 \u00e0 09h46 2 minutes de lecture F\u00e9ru de sport et plus particuli\u00e8rement de ballon rond&hellip;\n","protected":false},"author":2,"featured_media":638299,"comment_status":"","ping_status":"","sticky":false,"template":"","format":"standard","meta":{"footnotes":""},"categories":[2817],"tags":[1111,11,1997,1777,674,1011,27,12,2219,25],"class_list":{"0":"post-638298","1":"post","2":"type-post","3":"status-publish","4":"format-standard","5":"has-post-thumbnail","7":"category-bordeaux","8":"tag-actu","9":"tag-actualites","10":"tag-bordeaux","11":"tag-eu","12":"tag-europe","13":"tag-fr","14":"tag-france","15":"tag-news","16":"tag-nouvelle-aquitaine","17":"tag-republique-francaise"},"share_on_mastodon":{"url":"https:\/\/pubeurope.com\/@fr\/115831237918807302","error":""},"_links":{"self":[{"href":"https:\/\/www.europesays.com\/fr\/wp-json\/wp\/v2\/posts\/638298","targetHints":{"allow":["GET"]}}],"collection":[{"href":"https:\/\/www.europesays.com\/fr\/wp-json\/wp\/v2\/posts"}],"about":[{"href":"https:\/\/www.europesays.com\/fr\/wp-json\/wp\/v2\/types\/post"}],"author":[{"embeddable":true,"href":"https:\/\/www.europesays.com\/fr\/wp-json\/wp\/v2\/users\/2"}],"replies":[{"embeddable":true,"href":"https:\/\/www.europesays.com\/fr\/wp-json\/wp\/v2\/comments?post=638298"}],"version-history":[{"count":0,"href":"https:\/\/www.europesays.com\/fr\/wp-json\/wp\/v2\/posts\/638298\/revisions"}],"wp:featuredmedia":[{"embeddable":true,"href":"https:\/\/www.europesays.com\/fr\/wp-json\/wp\/v2\/media\/638299"}],"wp:attachment":[{"href":"https:\/\/www.europesays.com\/fr\/wp-json\/wp\/v2\/media?parent=638298"}],"wp:term":[{"taxonomy":"category","embeddable":true,"href":"https:\/\/www.europesays.com\/fr\/wp-json\/wp\/v2\/categories?post=638298"},{"taxonomy":"post_tag","embeddable":true,"href":"https:\/\/www.europesays.com\/fr\/wp-json\/wp\/v2\/tags?post=638298"}],"curies":[{"name":"wp","href":"https:\/\/api.w.org\/{rel}","templated":true}]}}