{"id":6383,"date":"2025-04-06T22:31:40","date_gmt":"2025-04-06T22:31:40","guid":{"rendered":"https:\/\/www.europesays.com\/fr\/6383\/"},"modified":"2025-04-06T22:31:40","modified_gmt":"2025-04-06T22:31:40","slug":"en-redressement-judiciaire-lenseigne-kaki-crazy-veut-se-relancer","status":"publish","type":"post","link":"https:\/\/www.europesays.com\/fr\/6383\/","title":{"rendered":"En redressement judiciaire, l\u2019enseigne Kaki Crazy veut se relancer"},"content":{"rendered":"<p>Les boutiques \u00e9taient bien ouvertes ce vendredi \u00e0 Rennes. \u00ab\u00a0Et elles vont le rester\u00a0\u00bb, mart\u00e8le la direction de l\u2019entreprise Kaki Crazy. Cette soci\u00e9t\u00e9 bas\u00e9e au Rheu (<a href=\"https:\/\/www.20minutes.fr\/dossier\/ille_et_vilaine\" class=\"color-ultramarine c-link\" rel=\"nofollow noopener\" target=\"_blank\">Ille-et-Vilaine<\/a>) exploite 27 boutiques de pr\u00eat-\u00e0-porter, dont 16 dans son seul fief de Rennes, mais aussi \u00e0 Nantes, Vannes, Saint-Malo et Foug\u00e8res, a \u00e9t\u00e9 plac\u00e9e en redressement judiciaire en raison de difficult\u00e9s financi\u00e8res. Dans la capitale bretonne, l\u2019enseigne fond\u00e9e en\u00a01987 est pr\u00e9sente depuis pr\u00e8s de quarante ans.<\/p>\n<p>Ses boutiques Crazy Republic, Kaky Crazy Station ou encore Scott (pour les chaussures) font partie des magasins incontournables de plusieurs g\u00e9n\u00e9rations. Mais ils ne sont pas \u00e9pargn\u00e9s par la crise qui frappe le <a href=\"https:\/\/www.20minutes.fr\/dossier\/pret_a_porter\" class=\"color-ultramarine c-link\" rel=\"nofollow noopener\" target=\"_blank\">secteur tr\u00e8s concurrentiel de l\u2019habillement et du pr\u00eat-\u00e0-porter<\/a>.<\/p>\n<\/p>\n<p>Pour y faire face, la soci\u00e9t\u00e9 qui fait travailler 200 \u00e9quivalent temps plein a sollicit\u00e9 <a href=\"https:\/\/entreprendre.service-public.fr\/vosdroits\/F37434\" rel=\"nofollow noopener\" target=\"_blank\" class=\"color-ultramarine c-link\">le soutien d\u2019un administrateur judiciaire<\/a>. Va-t-elle fermer des magasins\u00a0? \u00ab\u00a0C\u2019est tr\u00e8s pr\u00e9matur\u00e9 de le dire. Notre but, c\u2019est de relancer l\u2019entreprise et la dynamique. Les difficult\u00e9s financi\u00e8res, on ne les nie pas, mais on va y faire face et travailler pour tout relancer\u00a0\u00bb, explique un porte-parole de l\u2019entreprise, qui veut \u00ab\u00a0pr\u00e9server un maximum d\u2019emplois\u00a0\u00bb.<\/p>\n<p>Le chiffre d\u2019affaires en baisse<\/p>\n<p>Ces quatre derniers mois, l\u2019ensemble de ses boutiques a accus\u00e9 une baisse de chiffre d\u2019affaires de 15\u00a0%. Une d\u00e9gringolade qui s\u2019explique par de multiples facteurs, notamment les difficult\u00e9s d\u2019attractivit\u00e9 des centres-villes o\u00f9 les magasins sont implant\u00e9s. Ajoutez \u00e0 cela des loyers en hausse de 10\u00a0%, des fermetures prolong\u00e9es li\u00e9es au Covid et des pr\u00eats garantis par l\u2019\u00c9tat \u00e0 rembourser et vous obtiendrez une liste quasi exhaustive des cailloux dans la chaussure de l\u2019enseigne.<\/p>\n<p><img decoding=\"async\" alt=\"La direction de Kaki Crazy esp\u00e8re pr\u00e9server un maximum des 200 \u00e9quivalent temps plein qu'elle fait travailler \u00e0 Rennes, Nantes ou Vannes. \" class=\"c-img\" loading=\"lazy\" fetchpriority=\"auto\" width=\"718\"  src=\"https:\/\/www.europesays.com\/fr\/wp-content\/uploads\/2025\/04\/1743978700_823_718x0.jpeg; charset=utf-8\" \/>La direction de Kaki Crazy esp\u00e8re pr\u00e9server un maximum des 200 \u00e9quivalent temps plein qu&rsquo;elle fait travailler \u00e0 Rennes, Nantes ou Vannes. \u2002-\u00a0C. Allain\/20 Minutes<\/p>\n<p>A Rennes, le magasin Crazy Republic <a href=\"https:\/\/www.20minutes.fr\/societe\/reforme_des_retraites\/4027744-20230313-reforme-retraites-rennes-saccage-pille-manifestants-magasin-crazy-republic-restera-ferme\" class=\"color-ultramarine c-link\" rel=\"nofollow noopener\" target=\"_blank\">a \u00e9galement souffert des d\u00e9gradations et pillages<\/a> commis en marge de manifestations contre la r\u00e9forme des retraites (en mars\u00a02023) <a href=\"https:\/\/www.20minutes.fr\/societe\/4072772-20240126-rennes-fait-voulaient-centre-ville-saccage-lors-manif-contre-loi-immigration\" class=\"color-ultramarine c-link\" rel=\"nofollow noopener\" target=\"_blank\">puis contre la loi Immigration<\/a> (en janvier\u00a02024). Cons\u00e9quence\u00a0: \u00ab\u00a0Les frais d\u2019assurance ont augment\u00e9 de 30\u00a0%\u00a0\u00bb, affirme la direction.<\/p>\n","protected":false},"excerpt":{"rendered":"Les boutiques \u00e9taient bien ouvertes ce vendredi \u00e0 Rennes. \u00ab\u00a0Et elles vont le rester\u00a0\u00bb, mart\u00e8le la direction de&hellip;\n","protected":false},"author":2,"featured_media":6384,"comment_status":"","ping_status":"","sticky":false,"template":"","format":"standard","meta":{"footnotes":""},"categories":[2821],"tags":[1111,47,11,829,3733,3732,215,33,1777,674,1011,27,3731,848,3047,3729,766,12,2636,1103,3730,584,25,3728,3165,996],"class_list":{"0":"post-6383","1":"post","2":"type-post","3":"status-publish","4":"format-standard","5":"has-post-thumbnail","7":"category-rennes","8":"tag-actu","9":"tag-actualite","10":"tag-actualites","11":"tag-bretagne","12":"tag-casseurs","13":"tag-chaussure","14":"tag-commerce","15":"tag-economie","16":"tag-eu","17":"tag-europe","18":"tag-fr","19":"tag-france","20":"tag-habillement","21":"tag-ille-et-vilaine","22":"tag-loire-atlantique","23":"tag-morbihan","24":"tag-nantes","25":"tag-news","26":"tag-pays-de-la-loire","27":"tag-pret-a-porter","28":"tag-redressement-judiciaire","29":"tag-rennes","30":"tag-republique-francaise","31":"tag-saint-malo","32":"tag-vannes","33":"tag-vetement"},"share_on_mastodon":{"url":"https:\/\/pubeurope.com\/@fr\/114293393561609095","error":""},"_links":{"self":[{"href":"https:\/\/www.europesays.com\/fr\/wp-json\/wp\/v2\/posts\/6383","targetHints":{"allow":["GET"]}}],"collection":[{"href":"https:\/\/www.europesays.com\/fr\/wp-json\/wp\/v2\/posts"}],"about":[{"href":"https:\/\/www.europesays.com\/fr\/wp-json\/wp\/v2\/types\/post"}],"author":[{"embeddable":true,"href":"https:\/\/www.europesays.com\/fr\/wp-json\/wp\/v2\/users\/2"}],"replies":[{"embeddable":true,"href":"https:\/\/www.europesays.com\/fr\/wp-json\/wp\/v2\/comments?post=6383"}],"version-history":[{"count":0,"href":"https:\/\/www.europesays.com\/fr\/wp-json\/wp\/v2\/posts\/6383\/revisions"}],"wp:featuredmedia":[{"embeddable":true,"href":"https:\/\/www.europesays.com\/fr\/wp-json\/wp\/v2\/media\/6384"}],"wp:attachment":[{"href":"https:\/\/www.europesays.com\/fr\/wp-json\/wp\/v2\/media?parent=6383"}],"wp:term":[{"taxonomy":"category","embeddable":true,"href":"https:\/\/www.europesays.com\/fr\/wp-json\/wp\/v2\/categories?post=6383"},{"taxonomy":"post_tag","embeddable":true,"href":"https:\/\/www.europesays.com\/fr\/wp-json\/wp\/v2\/tags?post=6383"}],"curies":[{"name":"wp","href":"https:\/\/api.w.org\/{rel}","templated":true}]}}