{"id":638302,"date":"2026-01-03T12:47:14","date_gmt":"2026-01-03T12:47:14","guid":{"rendered":"https:\/\/www.europesays.com\/fr\/638302\/"},"modified":"2026-01-03T12:47:14","modified_gmt":"2026-01-03T12:47:14","slug":"toulouse-lens-pourquoi-thauvin-a-t-il-ainsi-chambre-cresswell-sports","status":"publish","type":"post","link":"https:\/\/www.europesays.com\/fr\/638302\/","title":{"rendered":"Toulouse &#8211; Lens : Pourquoi Thauvin a-t-il ainsi chambr\u00e9 Cresswell ? : Sports"},"content":{"rendered":"<p class=\"date\">\n                                                            Thomas Siniecki, Media365 : publi\u00e9 le samedi 03 janvier 2026 \u00e0 12h15\n                                                    <\/p>\n<p>Il y avait un contentieux assez \u00e9vident entre les deux joueurs. On en a su plus, assez rapidement, gr\u00e2ce \u00e0 l&rsquo;\u00e9clairage du capitaine lensois Adrien Thomasson.<\/p>\n<p>Sur l&rsquo;ouverture du score de Wesley Sa\u00efd, <a href=\"https:\/\/sports.orange.fr\/football\/ligue-1\/debrief\/ligue-1-j17-lens-champion-d-automne-apres-son-succes-a-toulouse-CNT000002msni9.html\" target=\"_blank\" rel=\"noopener\">vendredi au Stadium peu avant l&rsquo;heure de jeu<\/a>, Florian Thauvin est all\u00e9 express\u00e9ment tirer une sacr\u00e9e grimace au nez de Charlie Cresswell, le d\u00e9fenseur anglais du TFC. Ce n&rsquo;\u00e9tait pas gratuit et nos confr\u00e8res de Ligue 1+ ont assez largement enqu\u00eat\u00e9 \u00e0 l&rsquo;issue de la rencontre, la pi\u00e8ce \u00e0 conviction \u00e9tant apport\u00e9e par Adrien Thomasson : \u00ab\u00a0Il nous a chambr\u00e9s quasiment toute la premi\u00e8re p\u00e9riode. On s&rsquo;\u00e9tait dit \u00e0 la mi-temps qu&rsquo;apr\u00e8s notre premier but, il fallait aller le voir et lui en toucher deux mots. C&rsquo;est Florian Thauvin qui s&rsquo;en est occup\u00e9, il s&rsquo;est un peu sacrifi\u00e9 pour nous et je suis fier de lui, il est rest\u00e9 tr\u00e8s calme malgr\u00e9 la poussette et le chambrage de la part du joueur de Toulouse. C&rsquo;est \u00e7a l&rsquo;exp\u00e9rience, savoir taquiner au bon moment tout en restant calme.\u00a0\u00bb<\/p>\n<p>Cresswell : \u00ab\u00a0Je ne suis pas s\u00fbr qu&rsquo;il y ait rouge&#8230; Et \u00e7a a tout chang\u00e9\u00a0\u00bb<\/p>\n<p>Charlie Cresswell a re\u00e7u un carton jaune pour avoir r\u00e9pondu de mani\u00e8re v\u00e9h\u00e9mente, <a href=\"https:\/\/sports.orange.fr\/football\/ligue-1\/article\/ligue-1-j17-said-ganiou-emersonn-les-tops-flops-de-toulouse-lens-exclu-CNT000002msnNK.html\" target=\"_blank\" rel=\"noopener\">poussant Florian Thauvin au sol<\/a>, ce qui a d&rsquo;ailleurs provoqu\u00e9 un d\u00e9but d&rsquo;\u00e9chauffour\u00e9e g\u00e9n\u00e9rale. R\u00e9sultat, il sera suspendu au prochain avertissement, puisqu&rsquo;il en a d\u00e9j\u00e0 re\u00e7u quatre depuis le d\u00e9but de la saison (c&rsquo;est une nouvelle r\u00e8gle \u00e9dict\u00e9e par la LFP).<\/p>\n<p>Pour l&rsquo;ancien joueur de Leeds, forc\u00e9ment un peu coutumier du fait, les esprits \u00e9taient surtout tourn\u00e9s ensuite vers le carton rouge qui a trop vite r\u00e9duit les siens \u00e0 dix : \u00ab\u00a0Je ne suis pas s\u00fbr qu&rsquo;il y ait rouge&#8230; Plusieurs membres de notre staff et de notre \u00e9quipe le disent, \u00e7a n&rsquo;aurait jamais d\u00fb faire rouge. Et \u00e7a a tout chang\u00e9.\u00a0\u00bb Le coach Carles Martinez Novell \u00e9tait lui bien plus direct sur le sujet : \u00ab\u00a0J&rsquo;\u00e9tais \u00e9nerv\u00e9 et je pr\u00e9f\u00e8re ne pas parler, je crois que les images sont tr\u00e8s claires.\u00a0\u00bb Comme le score, au final, de 0-3 pour Lens.<\/p>\n","protected":false},"excerpt":{"rendered":"Thomas Siniecki, Media365 : publi\u00e9 le samedi 03 janvier 2026 \u00e0 12h15 Il y avait un contentieux assez&hellip;\n","protected":false},"author":2,"featured_media":638303,"comment_status":"","ping_status":"","sticky":false,"template":"","format":"standard","meta":{"footnotes":""},"categories":[2816],"tags":[1111,11,1777,674,1011,27,12,2680,25,2312],"class_list":{"0":"post-638302","1":"post","2":"type-post","3":"status-publish","4":"format-standard","5":"has-post-thumbnail","7":"category-toulouse","8":"tag-actu","9":"tag-actualites","10":"tag-eu","11":"tag-europe","12":"tag-fr","13":"tag-france","14":"tag-news","15":"tag-occitanie","16":"tag-republique-francaise","17":"tag-toulouse"},"share_on_mastodon":{"url":"https:\/\/pubeurope.com\/@fr\/115831245680480554","error":""},"_links":{"self":[{"href":"https:\/\/www.europesays.com\/fr\/wp-json\/wp\/v2\/posts\/638302","targetHints":{"allow":["GET"]}}],"collection":[{"href":"https:\/\/www.europesays.com\/fr\/wp-json\/wp\/v2\/posts"}],"about":[{"href":"https:\/\/www.europesays.com\/fr\/wp-json\/wp\/v2\/types\/post"}],"author":[{"embeddable":true,"href":"https:\/\/www.europesays.com\/fr\/wp-json\/wp\/v2\/users\/2"}],"replies":[{"embeddable":true,"href":"https:\/\/www.europesays.com\/fr\/wp-json\/wp\/v2\/comments?post=638302"}],"version-history":[{"count":0,"href":"https:\/\/www.europesays.com\/fr\/wp-json\/wp\/v2\/posts\/638302\/revisions"}],"wp:featuredmedia":[{"embeddable":true,"href":"https:\/\/www.europesays.com\/fr\/wp-json\/wp\/v2\/media\/638303"}],"wp:attachment":[{"href":"https:\/\/www.europesays.com\/fr\/wp-json\/wp\/v2\/media?parent=638302"}],"wp:term":[{"taxonomy":"category","embeddable":true,"href":"https:\/\/www.europesays.com\/fr\/wp-json\/wp\/v2\/categories?post=638302"},{"taxonomy":"post_tag","embeddable":true,"href":"https:\/\/www.europesays.com\/fr\/wp-json\/wp\/v2\/tags?post=638302"}],"curies":[{"name":"wp","href":"https:\/\/api.w.org\/{rel}","templated":true}]}}