{"id":638306,"date":"2026-01-03T12:49:19","date_gmt":"2026-01-03T12:49:19","guid":{"rendered":"https:\/\/www.europesays.com\/fr\/638306\/"},"modified":"2026-01-03T12:49:19","modified_gmt":"2026-01-03T12:49:19","slug":"lille-un-groupe-antifa-brule-des-drapeaux-francais-et-le-revendique-sur-les-reseaux","status":"publish","type":"post","link":"https:\/\/www.europesays.com\/fr\/638306\/","title":{"rendered":"Lille : un groupe antifa br\u00fble des drapeaux fran\u00e7ais et le revendique sur les r\u00e9seaux"},"content":{"rendered":"<p class=\"MsoNormal\">\u00a0Parce qu\u2019ils semblent avoir cru bon de placer la nouvelle ann\u00e9e sous le signe de la haine de la patrie, des individus se sont mis en sc\u00e8ne, dans la nuit du 31 d\u00e9cembre, en train d\u2019arracher, de pi\u00e9tiner et de br\u00fbler des drapeaux tricolores accroch\u00e9s dans diff\u00e9rents lieux de la m\u00e9tropole lilloise. Publi\u00e9e sur Internet, avec en fond sonore la c\u00e9l\u00e8bre chanson de Charles Trenet Douce France, la vid\u00e9o que le fondateur d\u2019Occidentis et directeur \u00e9ditorial du m\u00e9dia Fronti\u00e8res, David Alaime, a d\u00e9nich\u00e9e et fait circuler sur les r\u00e9seaux sociaux (<a href=\"https:\/\/www.instagram.com\/p\/DS-eV4-DRyE\/?utm_source=ig_embed&amp;utm_campaign=invalid\" target=\"_blank\" rel=\"noopener\">\u00e0 voir ici<\/a>), ach\u00e8ve de d\u00e9montrer une chose certaine : les antifas ha\u00efssent la France et, d\u2019une certaine mani\u00e8re, veulent la voir br\u00fbler.<\/p>\n<p><b>La terreur antifa\u2026<\/b><\/p>\n<p class=\"MsoNormal\">C\u2019est le tout jeune groupe antifasciste baptis\u00e9 \u00ab Front de rue \u00bb, form\u00e9 en novembre 2025, qui a revendiqu\u00e9 cette action sur son compte Instagram, dans une vid\u00e9o \u00e9ph\u00e9m\u00e8re qui a depuis disparu. Ces militants ont pour habitude d\u2019arpenter les rues de Lille lors d\u2019op\u00e9rations dites de \u00ab Mob \u00bb ou de \u00ab ratissage \u00bb, \u00e0 la recherche de militants nationalistes et patriotes, comme ils l\u2019exposent eux-m\u00eames sur <a href=\"https:\/\/www.instagram.com\/frontderue.antifasciste?igsh=cHFsajMzemllMW1q\" target=\"_blank\" rel=\"noopener\">leurs r\u00e9seaux sociaux<\/a>. Faute des bastonnades qu\u2019ils semblent d\u00e9sesp\u00e9r\u00e9ment rechercher, ils se sont cette fois rabattus sur <a href=\"https:\/\/www.bvoltaire.fr\/point-de-vue-apres-raise-the-colours-en-gb-operationtricolore-chez-nous\/\" target=\"_blank\" rel=\"noopener\">l&rsquo;\u00ab #op\u00e9ration tricolore \u00bb<\/a> men\u00e9e par des militants patriotes. Lanc\u00e9e en septembre 2025, cette initiative consiste \u00e0 accrocher des drapeaux fran\u00e7ais dans des lieux al\u00e9atoires de l\u2019espace public. Les antifas, en manque manifeste de sensations fortes, ont marqu\u00e9 cette fin d\u2019ann\u00e9e en allant les d\u00e9crocher pour les br\u00fbler, dans une mise en sc\u00e8ne p\u00e9nalement r\u00e9pr\u00e9hensible.<\/p>\n<p class=\"MsoNormal\">Visages masqu\u00e9s et anonymis\u00e9s, ces militants se disent \u00ab antifascistes, f\u00e9ministes et communistes \u00bb et pr\u00e9tendent vouloir \u00ab \u00e9radiquer tous les groupes violents d\u2019extr\u00eame droite et d\u2019ultra-droite [\u2026] par tous les moyens n\u00e9cessaires \u00bb. Dans les faits, ils recouvrent la ville de leurs graffitis et s\u2019attaquent non pas \u00e0 des groupes violents, mais \u00e0 des actions pacifiques et \u00e0 des d\u00e9clarations d\u2019amour \u00e0 la France.<\/p>\n<p><b>\u2026 au service de l\u2019anti-France<\/b><\/p>\n<p class=\"MsoNormal\">D\u00e8s lors, la figure embl\u00e9matique de l&rsquo; \u00ab antifascisme \u00bb en France, le <a href=\"https:\/\/www.bvoltaire.fr\/point-de-vue-contre-toute-attente-raphael-arnault-serait-violent-cest-un-ancien-lfi-qui-le-dit\/\" target=\"_blank\" rel=\"noopener\">d\u00e9put\u00e9 LFI Rapha\u00ebl Arnault,<\/a> aura du mal \u00e0 faire croire que l\u2019amour de la patrie se trouverait du c\u00f4t\u00e9 des antifas. R\u00e9guli\u00e8rement, d&rsquo;ailleurs, ce sont au contraire dans leurs rangs que les symboles nationaux sont pris pour cible. \u00c0 Lyon, le <a href=\"https:\/\/lemediaen442.fr\/incident-a-lyon-lors-de-la-greve-des-antifas-brulent-le-drapeau-francais-apres-avoir-inscrit-dessus-nique-ta-mere\/\" target=\"_blank\" rel=\"noopener\">31 janvier 2023<\/a>, lors de la gr\u00e8ve contre la r\u00e9forme des retraites, des antifas sont mont\u00e9s sur le toit de l\u2019office de tourisme et ont incendi\u00e9 un drapeau fran\u00e7ais sur lequel \u00e9tait inscrit \u00ab Nique ta m\u00e8re \u00bb. Quelques jours plus t\u00f4t, le 19 janvier, une sc\u00e8ne similaire avait d\u00e9j\u00e0 \u00e9t\u00e9 d\u00e9nonc\u00e9e : des antifas avaient tent\u00e9 de mettre le feu \u00e0 un drapeau tricolore, sous le regard outr\u00e9 des pompiers alors en manifestation.<\/p>\n<blockquote class=\"twitter-tweet\">\n<p dir=\"ltr\" lang=\"fr\">Tentative de mettre \u00e0 feu le drapeau fran\u00e7ais <a href=\"https:\/\/t.co\/Q5FRQvxE73\">pic.twitter.com\/Q5FRQvxE73<\/a><\/p>\n<p>\u2014 Lyon Capitale (@lyoncap) <a href=\"https:\/\/twitter.com\/lyoncap\/status\/1616062550600302592?ref_src=twsrc%5Etfw\" target=\"_blank\" rel=\"noopener\">January 19, 2023<\/a><\/p>\n<\/blockquote>\n<p>.<\/p>\n<p class=\"MsoNormal\">Moins d\u2019un an auparavant, toujours \u00e0 Lyon, des drapeaux fran\u00e7ais avaient \u00e9t\u00e9 br\u00fbl\u00e9s en marge d\u2019une manifestation organis\u00e9e par le mouvement \u00ab Les Soul\u00e8vements de la Terre \u00bb, une action qui avait conduit \u00e0 <a href=\"https:\/\/www.leprogres.fr\/faits-divers-justice\/2022\/03\/05\/des-images-insupportables-des-drapeaux-francais-brules-lors-de-la-manifestation-contre-bayer-monsanto\" target=\"_blank\" rel=\"noopener\">l\u2019interpellation de 17 personnes<\/a>. Plus r\u00e9cemment encore, en octobre 2025, des antifas ont <a href=\"https:\/\/www.observatoire-violences.fr\/articles\/lorient-des-antifas-aspergent-des-drapeaux-francais-de-peinture\" target=\"_blank\" rel=\"noopener\">asperg\u00e9 de peinture des drapeaux tricolores<\/a> accroch\u00e9s \u00e0 une fen\u00eatre, revendiquant leur acte par des tags tels que \u00ab BZH antifa \u00bb, \u00ab Lorient antifa \u00bb ou \u00ab Fachos cassez-vous ! \u00bb.<\/p>\n<p class=\"MsoNormal\"> \u00c0 cette heure, le parquet de Lille n\u2019a pas r\u00e9pondu \u00e0 nos sollicitations portant sur d\u2019\u00e9ventuelles suites judiciaires. Le Code p\u00e9nal pr\u00e9voit pourtant des sanctions en cas d\u2019outrage au drapeau tricolore dans l\u2019espace public et de diffusion d\u2019images de ces faits. Les auteurs encourent jusqu\u2019\u00e0 1 500 euros d\u2019amende.<\/p>\n<p>                    <a href=\"#\" rel=\"nofollow\" onclick=\"window.print(); pfTrackEvent('Lille : un groupe antifa br\u00fble des drapeaux fran\u00e7ais et le revendique sur les r\u00e9seaux'); return false;\" title=\"Printer Friendly, PDF &amp; Email\"><br \/>\n                    <img decoding=\"async\" src=\"https:\/\/www.europesays.com\/fr\/wp-content\/uploads\/2025\/04\/printfriendly-icon-sm.png\" alt=\"Print Friendly, PDF &amp; Email\" class=\"pf-button-img\" style=\"width: 17px;height: 17px;\"\/>Imprimer, enregistrer en PDF cet article<br \/>\n                    <\/a><br \/>\n                <script async src=\"https:\/\/platform.twitter.com\/widgets.js\" charset=\"utf-8\"><\/script><script async src=\"\/\/www.instagram.com\/embed.js\"><\/script><\/p>\n","protected":false},"excerpt":{"rendered":"\u00a0Parce qu\u2019ils semblent avoir cru bon de placer la nouvelle ann\u00e9e sous le signe de la haine de&hellip;\n","protected":false},"author":2,"featured_media":638307,"comment_status":"","ping_status":"","sticky":false,"template":"","format":"standard","meta":{"footnotes":""},"categories":[2815],"tags":[1111,11,1777,674,1011,27,811,1307,12,25],"class_list":{"0":"post-638306","1":"post","2":"type-post","3":"status-publish","4":"format-standard","5":"has-post-thumbnail","7":"category-lille","8":"tag-actu","9":"tag-actualites","10":"tag-eu","11":"tag-europe","12":"tag-fr","13":"tag-france","14":"tag-hauts-de-france","15":"tag-lille","16":"tag-news","17":"tag-republique-francaise"},"share_on_mastodon":{"url":"https:\/\/pubeurope.com\/@fr\/115831253551623944","error":""},"_links":{"self":[{"href":"https:\/\/www.europesays.com\/fr\/wp-json\/wp\/v2\/posts\/638306","targetHints":{"allow":["GET"]}}],"collection":[{"href":"https:\/\/www.europesays.com\/fr\/wp-json\/wp\/v2\/posts"}],"about":[{"href":"https:\/\/www.europesays.com\/fr\/wp-json\/wp\/v2\/types\/post"}],"author":[{"embeddable":true,"href":"https:\/\/www.europesays.com\/fr\/wp-json\/wp\/v2\/users\/2"}],"replies":[{"embeddable":true,"href":"https:\/\/www.europesays.com\/fr\/wp-json\/wp\/v2\/comments?post=638306"}],"version-history":[{"count":0,"href":"https:\/\/www.europesays.com\/fr\/wp-json\/wp\/v2\/posts\/638306\/revisions"}],"wp:featuredmedia":[{"embeddable":true,"href":"https:\/\/www.europesays.com\/fr\/wp-json\/wp\/v2\/media\/638307"}],"wp:attachment":[{"href":"https:\/\/www.europesays.com\/fr\/wp-json\/wp\/v2\/media?parent=638306"}],"wp:term":[{"taxonomy":"category","embeddable":true,"href":"https:\/\/www.europesays.com\/fr\/wp-json\/wp\/v2\/categories?post=638306"},{"taxonomy":"post_tag","embeddable":true,"href":"https:\/\/www.europesays.com\/fr\/wp-json\/wp\/v2\/tags?post=638306"}],"curies":[{"name":"wp","href":"https:\/\/api.w.org\/{rel}","templated":true}]}}