{"id":638308,"date":"2026-01-03T12:50:10","date_gmt":"2026-01-03T12:50:10","guid":{"rendered":"https:\/\/www.europesays.com\/fr\/638308\/"},"modified":"2026-01-03T12:50:10","modified_gmt":"2026-01-03T12:50:10","slug":"les-temperatures-chutent-encore-voici-jusqua-quand","status":"publish","type":"post","link":"https:\/\/www.europesays.com\/fr\/638308\/","title":{"rendered":"les temp\u00e9ratures chutent encore, voici jusqu&rsquo;\u00e0 quand"},"content":{"rendered":"<p>                    Par<br \/>\n        <strong><br \/>\n            <a href=\"https:\/\/actu.fr\/auteur\/fabien-binacchi\" title=\"Consulter tous les articles de Fabien Binacchi\" target=\"_blank\" rel=\"noopener\">Fabien Binacchi<\/a><br \/>\n                    <\/strong><\/p>\n<p>        Publi\u00e9 le<\/p>\n<p>            3 janv. 2026 \u00e0 11h58        <\/p>\n<p>\u00ab\u2009\u00c7a caille\u2009\u00bb. En venant passer le r\u00e9veillon \u00e0 <a href=\"https:\/\/actu.fr\/marseille\/\" target=\"_blank\" rel=\"noopener\">Marseille,<\/a> ces Parisiens crois\u00e9s sur le Vieux-Port esp\u00e9raient gagner quelques degr\u00e9s\u2009: ils ont \u00e9t\u00e9 d\u00e9\u00e7us. Les temp\u00e9ratures enregistr\u00e9es ces derniers jours dans les <a href=\"https:\/\/actu.fr\/provence-alpes-cote-d-azur\/bouches-du-rhone_13\" target=\"_blank\" rel=\"noopener\">Bouches-du-Rh\u00f4ne<\/a> sont glaciales. La nuit du 31, le mercure est m\u00eame descendu \u00e0 -4,8\u00b0C du c\u00f4t\u00e9 de <a href=\"https:\/\/actu.fr\/provence-alpes-cote-d-azur\/salon-de-provence_13103\" target=\"_blank\" rel=\"noopener\">Salon-de-Provence<\/a> la nuit du 31, <strong>un record depuis 1992.<\/strong> Et ce n\u2019est pas fini. Le pic est encore \u00e0 venir, selon les m\u00e9t\u00e9orologues.<\/p>\n<p class=\" wall-content\">Voici les pr\u00e9visions.<\/p>\n<p>\u00ab\u2009On va litt\u00e9ralement se les geler\u2009\u00bb<\/p>\n<p class=\" wall-content\">\u00ab\u2009Il va falloir empiler les couches d\u00e8s [ce samedi 3\u00a0janvier] \u00e0 l\u2019Ouest du [d\u00e9partement]. On va litt\u00e9ralement se les geler\u2009\u00bb, pr\u00e9vient, cash, le m\u00e9t\u00e9orologue ind\u00e9pendant Paul Marquis, fondateur de la M\u00e9t\u00e9o du 13. M\u00e9t\u00e9o-France place m\u00eame les Bouches-du-Rh\u00f4ne <strong>en vigilance jaune \u00ab\u2009grand froid\u2009\u00bb pour la journ\u00e9e de demain dimanche,<\/strong> au moins.<\/p>\n<blockquote class=\"ac-article-quote wall-content\">\n<p>Pendant de nombreux jours, le ressenti va rester n\u00e9gatif en vall\u00e9e du Rh\u00f4ne<\/p>\n<p>    <strong>Paul Marquis<\/strong>\n            <\/p><\/blockquote>\n<p class=\" wall-content\">La faute, selon lui, \u00e0 un \u00ab\u2009mistral qui s\u2019annonce glacial\u2009\u00bb. Ce samedi, \u00ab\u2009le vent est sensible autour de la M\u00e9diterran\u00e9e, soufflant <strong>entre 50 et 70\u00a0km\/h<\/strong> dans l\u2019apr\u00e8s-midi et fra\u00eechissant en soir\u00e9e <strong>jusqu\u2019\u00e0 80\u00a0km\/h<\/strong>\u2009\u00bb, note ainsi M\u00e9t\u00e9o-France dans son dernier bulletin.<\/p>\n<p class=\" wall-content\">\n<p>Le ressenti jusqu\u2019\u00e0 11\u00b0C<\/p>\n<p class=\" wall-content\">Le pic de cet \u00e9pisode de froid devrait \u00eatre atteint entre lundi\u00a05 et jeudi 8\u00a0janvier, pr\u00e9cise encore Paul Marquis. Selon les pr\u00e9visions de M\u00e9t\u00e9o-France, le mercure devrait osciller <strong>entre -4\u00b0C et 5\u00b0C<\/strong> tous ces prochains jours dans le d\u00e9partement.<\/p>\n<p class=\" wall-content\">Du c\u00f4t\u00e9 de Marseille, <strong>les temp\u00e9ratures ne descendront pas en dessous des 2\u00b0C<\/strong> mais, plus haut dans la vall\u00e9e du Rh\u00f4ne, le ressenti pourra plonger jusqu\u2019\u00e0 -11\u00b0C.<\/p>\n<p>Votre r\u00e9gion, votre actu !<\/p>\n<p>Recevez chaque jour les infos qui comptent pour vous.<\/p>\n<p>\t<a href=\"https:\/\/actu.fr\/newsletter\" class=\"ac-btn ac-btn--corner ac-btn--medium ac-btn--blue800\" target=\"_blank\" rel=\"noopener\">S&rsquo;incrire<\/a><\/p>\n<p class=\" wall-content\">\u00ab\u2009Il faut remonter \u00e0 de nombreuses ann\u00e9es en arri\u00e8re, peut-\u00eatre 2017, pour retrouver une s\u00e9quence hivernale aussi forte et durable dans la r\u00e9gion\u2009\u00bb, pointe encore Paul Marquis.<\/p>\n<p class=\" wall-content\">Personnalisez votre actualit\u00e9 en ajoutant vos villes et m\u00e9dias en favori avec <a href=\"https:\/\/moncompte.actu.fr\" title=\"D\u00e9couvez Mon Actu\" rel=\"nofollow noopener\" data-trk=\"{&quot;cta&quot;:{&quot;action&quot;:&quot;https:\\\/\\\/moncompte.actu.fr&quot;,&quot;category&quot;:&quot;mon compte&quot;,&quot;from&quot;:&quot;article footer&quot;,&quot;name&quot;:&quot;Mon actu&quot;,&quot;type&quot;:&quot;cta&quot;}}\" target=\"_blank\">Mon Actu<\/a>.<\/p>\n","protected":false},"excerpt":{"rendered":"Par Fabien Binacchi Publi\u00e9 le 3 janv. 2026 \u00e0 11h58 \u00ab\u2009\u00c7a caille\u2009\u00bb. En venant passer le r\u00e9veillon \u00e0&hellip;\n","protected":false},"author":2,"featured_media":638309,"comment_status":"","ping_status":"","sticky":false,"template":"","format":"standard","meta":{"footnotes":""},"categories":[2814],"tags":[1111,11,1777,674,1011,27,3447,884,2487,2357,12,882,25],"class_list":{"0":"post-638308","1":"post","2":"type-post","3":"status-publish","4":"format-standard","5":"has-post-thumbnail","7":"category-marseille","8":"tag-actu","9":"tag-actualites","10":"tag-eu","11":"tag-europe","12":"tag-fr","13":"tag-france","14":"tag-froid","15":"tag-marseille","16":"tag-meteo","17":"tag-meteo-france","18":"tag-news","19":"tag-provence-alpes-cote-dazur","20":"tag-republique-francaise"},"share_on_mastodon":{"url":"https:\/\/pubeurope.com\/@fr\/115831257420356872","error":""},"_links":{"self":[{"href":"https:\/\/www.europesays.com\/fr\/wp-json\/wp\/v2\/posts\/638308","targetHints":{"allow":["GET"]}}],"collection":[{"href":"https:\/\/www.europesays.com\/fr\/wp-json\/wp\/v2\/posts"}],"about":[{"href":"https:\/\/www.europesays.com\/fr\/wp-json\/wp\/v2\/types\/post"}],"author":[{"embeddable":true,"href":"https:\/\/www.europesays.com\/fr\/wp-json\/wp\/v2\/users\/2"}],"replies":[{"embeddable":true,"href":"https:\/\/www.europesays.com\/fr\/wp-json\/wp\/v2\/comments?post=638308"}],"version-history":[{"count":0,"href":"https:\/\/www.europesays.com\/fr\/wp-json\/wp\/v2\/posts\/638308\/revisions"}],"wp:featuredmedia":[{"embeddable":true,"href":"https:\/\/www.europesays.com\/fr\/wp-json\/wp\/v2\/media\/638309"}],"wp:attachment":[{"href":"https:\/\/www.europesays.com\/fr\/wp-json\/wp\/v2\/media?parent=638308"}],"wp:term":[{"taxonomy":"category","embeddable":true,"href":"https:\/\/www.europesays.com\/fr\/wp-json\/wp\/v2\/categories?post=638308"},{"taxonomy":"post_tag","embeddable":true,"href":"https:\/\/www.europesays.com\/fr\/wp-json\/wp\/v2\/tags?post=638308"}],"curies":[{"name":"wp","href":"https:\/\/api.w.org\/{rel}","templated":true}]}}