{"id":638310,"date":"2026-01-03T12:51:17","date_gmt":"2026-01-03T12:51:17","guid":{"rendered":"https:\/\/www.europesays.com\/fr\/638310\/"},"modified":"2026-01-03T12:51:17","modified_gmt":"2026-01-03T12:51:17","slug":"dates-avancees-et-enjeux-pour-les-boutiques","status":"publish","type":"post","link":"https:\/\/www.europesays.com\/fr\/638310\/","title":{"rendered":"dates avanc\u00e9es et enjeux pour les boutiques"},"content":{"rendered":"<p>Pas le temps de dig\u00e9rer la galette que les \u00e9tiquettes rouges<br \/>\nferont d\u00e9j\u00e0 leur apparition. \u00c0 <strong>Marseille<\/strong> et dans<br \/>\ntout le d\u00e9partement des <strong>Bouches-du-Rh\u00f4ne<\/strong>, les<br \/>\n<a href=\"https:\/\/www.melty.fr\/shopping\/soldes-dhiver-2024-nos-astuces-pour-denicher-les-meilleures-offres-1735304.html\" target=\"_blank\" rel=\"noopener\"><br \/>\nsoldes d\u2019hiver<\/a> 2026 d\u00e9buteront officiellement le<br \/>\n<strong>mercredi 7 janvier<\/strong> \u00e0 <strong>8h<\/strong>. Ils<br \/>\nprendront fin le <strong>mardi 3 f\u00e9vrier<\/strong>, apr\u00e8s quatre<br \/>\nsemaines de promotions continues dans les boutiques physiques comme<br \/>\nen ligne.<\/p>\n<p>Pourquoi cette date ? Selon <a href=\"https:\/\/actu.fr\/provence-alpes-cote-d-azur\/marseille_13055\/marseille-voici-les-dates-officielles-des-soldes-d-hiver-2026-dans-les-bouches-du-rhone_63583731.html\" target=\"_blank\" rel=\"nofollow noopener\">actu.fr<\/a>, le<br \/>\n<strong>Code du commerce<\/strong> fixe le d\u00e9but des soldes au<br \/>\ndeuxi\u00e8me mercredi de janvier, mais pr\u00e9voit une exception si<br \/>\ncelui-ci tombe apr\u00e8s le 12. En 2026, c\u2019est le cas, ce qui explique<br \/>\nl\u2019avancement de la p\u00e9riode au premier mercredi du mois.<\/p>\n<p>Cette r\u00e8gle s\u2019applique aussi aux plateformes de vente en ligne.<br \/>\nLe minist\u00e8re du Commerce a rappel\u00e9 que \u00ab\u00a0pour le commerce en<br \/>\nligne ou la vente \u00e0 distance (e-commerce), les dates sont align\u00e9es<br \/>\nsur les dates nationales du commerce traditionnel\u00a0\u00bb. Ainsi, les<br \/>\nbonnes affaires seront accessibles partout d\u00e8s le 7 janvier, que<br \/>\nl\u2019on ach\u00e8te en centre-ville ou depuis son canap\u00e9.<\/p>\n<p>Un soulagement attendu pour les commer\u00e7ants locaux<\/p>\n<p>\u00c0 Marseille, les commer\u00e7ants esp\u00e8rent que ces soldes d\u2019hiver<br \/>\nleur permettront de rattraper une fin d\u2019ann\u00e9e souvent jug\u00e9e morose.<br \/>\nDans le centre-ville, <strong>plusieurs boutiques ont connu une<br \/>\nbaisse de fr\u00e9quentation inqui\u00e9tante<\/strong>. Une commer\u00e7ante<br \/>\nconfiait r\u00e9cemment\u00a0: \u00ab\u00a0Cela fait longtemps que l\u2019activit\u00e9<br \/>\nne se passe pas bien, si on fait trois clients dans la journ\u00e9e,<br \/>\nc\u2019est d\u00e9j\u00e0 bien.\u00a0\u00bb<\/p>\n<p>Autrement dit, cette p\u00e9riode de rabais pourrait donc faire la<br \/>\ndiff\u00e9rence. Encore faut-il que les consommateurs soient au<br \/>\nrendez-vous. Entre l\u2019inflation, <a href=\"https:\/\/www.melty.fr\/shopping\/amazon-ce-site-de-vente-en-ligne-qui-sort-des-sentiers-battus-pour-vous-seduire-2156848.html\" target=\"_blank\" rel=\"noopener\"><br \/>\nla concurrence des g\u00e9ants du web<\/a> et le d\u00e9sengagement progressif<br \/>\nde certaines zones commer\u00e7antes, les enseignes ind\u00e9pendantes jouent<br \/>\ngros. Les rabais affich\u00e9s doivent respecter des r\u00e8gles strictes :<br \/>\n<strong>distinction entre articles sold\u00e9s et non sold\u00e9s<\/strong>,<br \/>\n<strong>affichage clair du prix<\/strong> de r\u00e9f\u00e9rence et du<br \/>\n<strong>pourcentage de r\u00e9duction<\/strong>.<\/p>\n<p>Dates sp\u00e9cifiques ailleurs en France et<br \/>\nen Outre-mer<\/p>\n<p>Si Marseille suit le calendrier national, ce n\u2019est pas le cas de<br \/>\ntous les territoires. Effectivement, en <strong>Lorraine<\/strong>,<br \/>\nles d\u00e9partements frontaliers comme la <strong>Moselle<\/strong>, la<br \/>\n<strong>Meuse<\/strong>, la <strong>Meurthe-et-Moselle<\/strong> ou<br \/>\nles <strong>Vosges<\/strong> d\u00e9buteront les soldes d\u00e8s le<br \/>\n<strong>vendredi 2 janvier<\/strong>, jusqu\u2019au <strong>jeudi 29<br \/>\njanvier<\/strong>.<\/p>\n<p><strong>Outre-mer<\/strong>, les dates sont aussi d\u00e9cal\u00e9es. Quant<br \/>\n\u00e0 la <strong>Guadeloupe<\/strong>, les soldes s\u2019\u00e9tendront du<br \/>\n<strong>samedi 3<\/strong> au <strong>vendredi 30 janvier<\/strong>.<br \/>\n\u00c0 <strong>Saint-Pierre-et-Miquelon<\/strong>, ils auront lieu du<br \/>\n<strong>21 janvier<\/strong> au <strong>17 f\u00e9vrier<\/strong>, comme<br \/>\nle pr\u00e9cise <a href=\"https:\/\/www.cnews.fr\/conso\/2025-12-27\/soldes-dhiver-2026-voici-les-dates-officielles-en-france-1791741\" target=\"_blank\" rel=\"nofollow noopener\">CNews<\/a>. \u00c0<br \/>\n<strong>Saint-Barth\u00e9l\u00e9my<\/strong> et <strong>Saint-Martin<\/strong>,<br \/>\nla p\u00e9riode attendra le mois de mai, tandis qu\u2019\u00e0 <strong>La<br \/>\nR\u00e9union<\/strong>, les saisons \u00e9tant invers\u00e9es, ce seront les soldes<br \/>\nd\u2019\u00e9t\u00e9 qui auront lieu du <strong>7 f\u00e9vrier<\/strong> au <strong>6<br \/>\nmars<\/strong>.<\/p>\n<p>Qu\u2019elles soient avanc\u00e9es, d\u00e9cal\u00e9es ou prolong\u00e9es, ces dates<br \/>\nrestent pour beaucoup une occasion esp\u00e9r\u00e9e de soulager les comptes<br \/>\net vider les stocks. \u00c0 Marseille, commer\u00e7ants et clients se<br \/>\npr\u00e9parent \u00e0 ce mois crucial pour relancer l\u2019\u00e9conomie locale en ce<br \/>\nd\u00e9but d\u2019ann\u00e9e 2026.<\/p>\n","protected":false},"excerpt":{"rendered":"Pas le temps de dig\u00e9rer la galette que les \u00e9tiquettes rouges feront d\u00e9j\u00e0 leur apparition. \u00c0 Marseille et&hellip;\n","protected":false},"author":2,"featured_media":638311,"comment_status":"","ping_status":"","sticky":false,"template":"","format":"standard","meta":{"footnotes":""},"categories":[2814],"tags":[1111,11,1777,674,1011,27,884,12,882,25,65861],"class_list":{"0":"post-638310","1":"post","2":"type-post","3":"status-publish","4":"format-standard","5":"has-post-thumbnail","7":"category-marseille","8":"tag-actu","9":"tag-actualites","10":"tag-eu","11":"tag-europe","12":"tag-fr","13":"tag-france","14":"tag-marseille","15":"tag-news","16":"tag-provence-alpes-cote-dazur","17":"tag-republique-francaise","18":"tag-trend"},"share_on_mastodon":{"url":"https:\/\/pubeurope.com\/@fr\/115831261769330358","error":""},"_links":{"self":[{"href":"https:\/\/www.europesays.com\/fr\/wp-json\/wp\/v2\/posts\/638310","targetHints":{"allow":["GET"]}}],"collection":[{"href":"https:\/\/www.europesays.com\/fr\/wp-json\/wp\/v2\/posts"}],"about":[{"href":"https:\/\/www.europesays.com\/fr\/wp-json\/wp\/v2\/types\/post"}],"author":[{"embeddable":true,"href":"https:\/\/www.europesays.com\/fr\/wp-json\/wp\/v2\/users\/2"}],"replies":[{"embeddable":true,"href":"https:\/\/www.europesays.com\/fr\/wp-json\/wp\/v2\/comments?post=638310"}],"version-history":[{"count":0,"href":"https:\/\/www.europesays.com\/fr\/wp-json\/wp\/v2\/posts\/638310\/revisions"}],"wp:featuredmedia":[{"embeddable":true,"href":"https:\/\/www.europesays.com\/fr\/wp-json\/wp\/v2\/media\/638311"}],"wp:attachment":[{"href":"https:\/\/www.europesays.com\/fr\/wp-json\/wp\/v2\/media?parent=638310"}],"wp:term":[{"taxonomy":"category","embeddable":true,"href":"https:\/\/www.europesays.com\/fr\/wp-json\/wp\/v2\/categories?post=638310"},{"taxonomy":"post_tag","embeddable":true,"href":"https:\/\/www.europesays.com\/fr\/wp-json\/wp\/v2\/tags?post=638310"}],"curies":[{"name":"wp","href":"https:\/\/api.w.org\/{rel}","templated":true}]}}