{"id":638314,"date":"2026-01-03T12:53:17","date_gmt":"2026-01-03T12:53:17","guid":{"rendered":"https:\/\/www.europesays.com\/fr\/638314\/"},"modified":"2026-01-03T12:53:17","modified_gmt":"2026-01-03T12:53:17","slug":"monaco-lyon-a-quelle-heure-et-sur-quelle-chaine-tv-voir-le-match-de-la-17e-journee-de-ligue-1","status":"publish","type":"post","link":"https:\/\/www.europesays.com\/fr\/638314\/","title":{"rendered":"Monaco-Lyon : \u00e0 quelle heure et sur quelle cha\u00eene TV voir le match de la 17e journ\u00e9e de Ligue 1 ?"},"content":{"rendered":"<p class=\"paragraph text_align_left lp-f-body-02\">C\u2019est le premier choc de cette nouvelle ann\u00e9e en <a href=\"https:\/\/www.leparisien.fr\/sports\/football\/ligue-1\/\" target=\"_blank\" rel=\"noreferrer noopener\">Ligue 1<\/a>. L\u2019AS Monaco re\u00e7oit \u00e0 Louis-II l\u2019Olympique lyonnais, samedi dans un duel ind\u00e9cis. Les Mon\u00e9gasques n\u2019entameront pas 2026 en confiance, eux qui ont termin\u00e9 2025 en eau de boudin. Les hommes de S\u00e9bastien Pocognoli n\u2019ont remport\u00e9 qu\u2019un seul de leurs 6 derniers matchs de Championnat, et v\u00e9g\u00e8tent en milieu de tableau.<\/p>\n<p class=\"\">Les Lyonnais d\u00e9barqueront, eux, avec le vent dans le dos. Les hommes de Paulo Fonseca ont connu le succ\u00e8s 3 fois en 4 matchs lors du mois de d\u00e9cembre. L\u2019occasion est belle de se rapprocher du quatuor de t\u00eate et du podium, cinq points devant au coup d\u2019envoi de cette journ\u00e9e.<\/p>\n<p class=\"\"><b>Le coup d\u2019envoi du match de Ligue 1 Monaco-Olympique lyonnais est pr\u00e9vu \u00e0 17 heures ce samedi 3 janvier. La rencontre sera \u00e0 suivre en direct \u00e0 la t\u00e9l\u00e9vision sur beIN Sports 2.<\/b><\/p>\n","protected":false},"excerpt":{"rendered":"C\u2019est le premier choc de cette nouvelle ann\u00e9e en Ligue 1. L\u2019AS Monaco re\u00e7oit \u00e0 Louis-II l\u2019Olympique lyonnais,&hellip;\n","protected":false},"author":2,"featured_media":638315,"comment_status":"","ping_status":"","sticky":false,"template":"","format":"standard","meta":{"footnotes":""},"categories":[1889],"tags":[1111,11,2430,1777,674,63,1011,27,66,2428,12,25,60],"class_list":{"0":"post-638314","1":"post","2":"type-post","3":"status-publish","4":"format-standard","5":"has-post-thumbnail","7":"category-lyon","8":"tag-actu","9":"tag-actualites","10":"tag-auvergne-rhone-alpes","11":"tag-eu","12":"tag-europe","13":"tag-football","14":"tag-fr","15":"tag-france","16":"tag-ligue-1","17":"tag-lyon","18":"tag-news","19":"tag-republique-francaise","20":"tag-sports"},"share_on_mastodon":{"url":"https:\/\/pubeurope.com\/@fr\/115831269155172338","error":""},"_links":{"self":[{"href":"https:\/\/www.europesays.com\/fr\/wp-json\/wp\/v2\/posts\/638314","targetHints":{"allow":["GET"]}}],"collection":[{"href":"https:\/\/www.europesays.com\/fr\/wp-json\/wp\/v2\/posts"}],"about":[{"href":"https:\/\/www.europesays.com\/fr\/wp-json\/wp\/v2\/types\/post"}],"author":[{"embeddable":true,"href":"https:\/\/www.europesays.com\/fr\/wp-json\/wp\/v2\/users\/2"}],"replies":[{"embeddable":true,"href":"https:\/\/www.europesays.com\/fr\/wp-json\/wp\/v2\/comments?post=638314"}],"version-history":[{"count":0,"href":"https:\/\/www.europesays.com\/fr\/wp-json\/wp\/v2\/posts\/638314\/revisions"}],"wp:featuredmedia":[{"embeddable":true,"href":"https:\/\/www.europesays.com\/fr\/wp-json\/wp\/v2\/media\/638315"}],"wp:attachment":[{"href":"https:\/\/www.europesays.com\/fr\/wp-json\/wp\/v2\/media?parent=638314"}],"wp:term":[{"taxonomy":"category","embeddable":true,"href":"https:\/\/www.europesays.com\/fr\/wp-json\/wp\/v2\/categories?post=638314"},{"taxonomy":"post_tag","embeddable":true,"href":"https:\/\/www.europesays.com\/fr\/wp-json\/wp\/v2\/tags?post=638314"}],"curies":[{"name":"wp","href":"https:\/\/api.w.org\/{rel}","templated":true}]}}