{"id":638318,"date":"2026-01-03T12:56:13","date_gmt":"2026-01-03T12:56:13","guid":{"rendered":"https:\/\/www.europesays.com\/fr\/638318\/"},"modified":"2026-01-03T12:56:13","modified_gmt":"2026-01-03T12:56:13","slug":"suresnes-deux-victimes-depouillees-en-pleine-nuit-par-des-hommes-cagoules","status":"publish","type":"post","link":"https:\/\/www.europesays.com\/fr\/638318\/","title":{"rendered":"Suresnes\u00a0: deux victimes d\u00e9pouill\u00e9es en pleine nuit par des hommes cagoul\u00e9s"},"content":{"rendered":"<p class=\"paragraph text_align_left lp-f-body-02\">Sur le mur d\u2019images transmettant ce que les cam\u00e9ras captent, les agents de la police municipale de Suresnes ont rep\u00e9r\u00e9 le comportement intrigant de trois hommes, rue Estienne-d\u2019Orves \u00e0 <a href=\"https:\/\/www.leparisien.fr\/hauts-de-seine-92\/suresnes-92150\/\" target=\"_blank\" rel=\"noreferrer noopener\">Suresnes<\/a> (Hauts-de-Seine). C\u2019est leur observation qui a permis \u00e0 la police nationale d\u2019interpeller ce trio, soup\u00e7onn\u00e9 d\u2019avoir commis un home-jacking dans la nuit de vendredi \u00e0 ce samedi 3 janvier.<\/p>\n<p class=\"\">Il est environ 1h30 quand les agents remarquent les trois hommes dans la rue gr\u00e2ce aux<a href=\"https:\/\/www.leparisien.fr\/hauts-de-seine-92\/suresnes-92150\/videosurveillance-intelligente-a-suresnes-j-ai-peur-des-derives-03-04-2021-8430583.php\" target=\"_blank\" rel=\"noreferrer noopener\"> cam\u00e9ras de surveillance<\/a>. Ils alertent imm\u00e9diatement la police nationale, les effectifs en patrouille quadrillent le secteur de la rue d\u2019Estienne-d\u2019Orves. Et la brigade anticriminalit\u00e9 de Rueil-Malmaison rep\u00e8re le trio dans une rue adjacente. En voyant les policiers arriver vers eux, les trois hommes se d\u00e9barrassent de leur butin : de l\u2019argent et des bijoux a priori tout juste vol\u00e9s.<\/p>\n","protected":false},"excerpt":{"rendered":"Sur le mur d\u2019images transmettant ce que les cam\u00e9ras captent, les agents de la police municipale de Suresnes&hellip;\n","protected":false},"author":2,"featured_media":620812,"comment_status":"","ping_status":"","sticky":false,"template":"","format":"standard","meta":{"footnotes":""},"categories":[1888],"tags":[1111,1928,11,1927,1777,674,1011,27,3314,1944,12,1926,626,1925,25],"class_list":{"0":"post-638318","1":"post","2":"type-post","3":"status-publish","4":"format-standard","5":"has-post-thumbnail","7":"category-paris","8":"tag-actu","9":"tag-actu-paris","10":"tag-actualites","11":"tag-actualites-paris","12":"tag-eu","13":"tag-europe","14":"tag-fr","15":"tag-france","16":"tag-hauts-de-seine","17":"tag-ma-ville","18":"tag-news","19":"tag-news-paris","20":"tag-paris","21":"tag-paris-news","22":"tag-republique-francaise"},"share_on_mastodon":{"url":"https:\/\/pubeurope.com\/@fr\/115831281045891841","error":""},"_links":{"self":[{"href":"https:\/\/www.europesays.com\/fr\/wp-json\/wp\/v2\/posts\/638318","targetHints":{"allow":["GET"]}}],"collection":[{"href":"https:\/\/www.europesays.com\/fr\/wp-json\/wp\/v2\/posts"}],"about":[{"href":"https:\/\/www.europesays.com\/fr\/wp-json\/wp\/v2\/types\/post"}],"author":[{"embeddable":true,"href":"https:\/\/www.europesays.com\/fr\/wp-json\/wp\/v2\/users\/2"}],"replies":[{"embeddable":true,"href":"https:\/\/www.europesays.com\/fr\/wp-json\/wp\/v2\/comments?post=638318"}],"version-history":[{"count":0,"href":"https:\/\/www.europesays.com\/fr\/wp-json\/wp\/v2\/posts\/638318\/revisions"}],"wp:featuredmedia":[{"embeddable":true,"href":"https:\/\/www.europesays.com\/fr\/wp-json\/wp\/v2\/media\/620812"}],"wp:attachment":[{"href":"https:\/\/www.europesays.com\/fr\/wp-json\/wp\/v2\/media?parent=638318"}],"wp:term":[{"taxonomy":"category","embeddable":true,"href":"https:\/\/www.europesays.com\/fr\/wp-json\/wp\/v2\/categories?post=638318"},{"taxonomy":"post_tag","embeddable":true,"href":"https:\/\/www.europesays.com\/fr\/wp-json\/wp\/v2\/tags?post=638318"}],"curies":[{"name":"wp","href":"https:\/\/api.w.org\/{rel}","templated":true}]}}