{"id":638324,"date":"2026-01-03T13:00:14","date_gmt":"2026-01-03T13:00:14","guid":{"rendered":"https:\/\/www.europesays.com\/fr\/638324\/"},"modified":"2026-01-03T13:00:14","modified_gmt":"2026-01-03T13:00:14","slug":"la-russie-alarmee-par-lattaque-americaine-contre-le-venezuela-lue-appelle-a-la-retenue","status":"publish","type":"post","link":"https:\/\/www.europesays.com\/fr\/638324\/","title":{"rendered":"la Russie \u00ab\u00a0alarm\u00e9e\u00a0\u00bb par l&rsquo;attaque am\u00e9ricaine contre le Venezuela, l&rsquo;UE appelle \u00e0 la \u00ab\u00a0retenue\u00a0\u00bb"},"content":{"rendered":"<p class=\"article-p mdl\">Un tournant majeur dans les tensions entre les \u00c9tats-Unis et le Venezuela. Ce samedi 3 janvier 2026, apr\u00e8s des frappes am\u00e9ricaines sur Caracas, les \u00c9tats-Unis ont indiqu\u00e9\u00a0<a class=\"link\" href=\"https:\/\/www.rtl.fr\/actu\/international\/en-direct-venezuela-explosions-entendues-caracas-denonce-la-tres-grave-agression-militaire-des-etats-unis-7900584255\" target=\"_blank\" rel=\"noopener\">avoir captur\u00e9 et exfiltr\u00e9 le pr\u00e9sident Nicolas Maduro<\/a>.\u00a0<\/p>\n<p class=\"article-p mdl\">Dans la foul\u00e9e, le ministre v\u00e9n\u00e9zu\u00e9lien de la D\u00e9fense, le g\u00e9n\u00e9ral Vladimir Padrino Lopez, a annonc\u00e9 \u00ab\u00a0le d\u00e9ploiement massif de tous les moyens terrestres, a\u00e9riens, navals, fluviaux et balistiques, syst\u00e8mes d&rsquo;armes pour la d\u00e9fense int\u00e9grale\u00a0\u00bb.<\/p>\n<p class=\"article-p mdl\"><a class=\"link\" href=\"https:\/\/www.rtl.fr\/actu\/international\/venezuela-une-guerre-entre-les-etats-unis-et-nicol-s-maduro-est-elle-inevitable-7900573732\" target=\"_blank\" rel=\"noopener\">Une escalade<\/a>\u00a0sans pr\u00e9c\u00e9dent qui, bien entendu, fait r\u00e9agir \u00e0 l&rsquo;international, notamment les soutiens du pays d&rsquo;Am\u00e9rique du Sud.<\/p>\n<p>            Russie, Iran, Colombie.. Ils d\u00e9noncent l&rsquo;attaque am\u00e9ricaine<\/p>\n<p class=\"article-p mdl\">La\u00a0<a class=\"link\" href=\"https:\/\/www.rtl.fr\/actu\/international\/russie-qu-est-ce-que-le-plan-arche-de-noe-qui-prevoit-l-exfiltration-de-poutine-au-venezuela-7900215221\" target=\"_blank\" rel=\"noopener\">Russie<\/a>\u00a0a condamn\u00e9 l&rsquo;attaque militaire am\u00e9ricaine contre le Venezuela, estimant que \u00ab\u00a0l&rsquo;hostilit\u00e9 id\u00e9ologique\u00a0\u00bb avait pr\u00e9valu sur la diplomatie. \u00ab\u00a0Ce matin, les \u00c9tats-Unis ont commis un acte d&rsquo;agression arm\u00e9e contre le Venezuela. Ceci est profond\u00e9ment inqui\u00e9tant et condamnable\u00a0\u00bb, a d\u00e9nonc\u00e9 le minist\u00e8re russe des Affaires \u00e9trang\u00e8res dans un communiqu\u00e9.\u00a0\u00a0<\/p>\n<p class=\"article-p mdl\">Moscou demande des \u00e9claircissements \u00ab\u00a0imm\u00e9diats\u00a0\u00bb sur la situation du pr\u00e9sident v\u00e9n\u00e9zu\u00e9lien, se disant \u00ab\u00a0extr\u00eamement alarm\u00e9e\u00a0\u00bb par les informations indiquant qu&rsquo;il a \u00e9t\u00e9 \u00ab\u00a0emmen\u00e9 de force\u00a0\u00bb hors du pays. \u00ab\u00a0Nous sommes extr\u00eamement alarm\u00e9s par les informations selon lesquelles le pr\u00e9sident v\u00e9n\u00e9zu\u00e9lien, Nicolas Maduro, et son \u00e9pouse auraient \u00e9t\u00e9 emmen\u00e9s de force hors du pays \u00e0 la suite de l&rsquo;agression aujourd&rsquo;hui par les \u00c9tats-Unis\u00a0\u00bb, a d\u00e9clar\u00e9 le minist\u00e8re des Affaires \u00e9trang\u00e8res russe dans un communiqu\u00e9, demandant \u00ab\u00a0des \u00e9claircissements imm\u00e9diats sur cette situation\u00a0\u00bb.<\/p>\n<p>            La Colombie demande \u00e0 l&rsquo;ONU de se prononcer<\/p>\n<p class=\"article-p mdl\">L&rsquo;Iran, qui entretient des liens \u00e9troits avec le Venezuela, a condamn\u00e9 \u00ab\u00a0fermement l&rsquo;attaque militaire am\u00e9ricaine\u00a0\u00bb. Le minist\u00e8re iranien des Affaires \u00e9trang\u00e8res a d\u00e9nonc\u00e9 la \u00ab\u00a0violation flagrante de la souverainet\u00e9 nationale et de l&rsquo;int\u00e9grit\u00e9 territoriale du pays\u00a0\u00bb, a indiqu\u00e9 la diplomatie iranienne dans un communiqu\u00e9, fustigeant \u00ab\u00a0l&rsquo;agression ill\u00e9gale des \u00c9tats-Unis\u00a0\u00bb, ennemi de la R\u00e9publique islamique.<\/p>\n<p class=\"article-p mdl\">Le pr\u00e9sident colombien, Gustavo Petro, a d\u00e9nonc\u00e9 samedi une attaque aux \u00ab\u00a0missiles\u00a0\u00bb contre Caracas, apr\u00e8s de fortes explosions dans la capitale v\u00e9n\u00e9zu\u00e9lienne, le pr\u00e9sident Nicolas Maduro invoquant une \u00ab\u00a0agression\u00a0\u00bb des \u00c9tats-Unis. Gustavo Petro a demand\u00e9 une r\u00e9union \u00ab\u00a0imm\u00e9diate\u00a0\u00bb de l&rsquo;Organisation des \u00c9tats am\u00e9ricains (OEA) et de l&rsquo;ONU pour se prononcer sur la \u00ab\u00a0l\u00e9galit\u00e9 internationale\u00a0\u00bb de cette \u00ab\u00a0agression\u00a0\u00bb contre le pays voisin.\u00a0<\/p>\n<p>            L&rsquo;Espagne se propose comme m\u00e9diateur, l&rsquo;UE appelle \u00e0 la retenue<\/p>\n<p class=\"article-p mdl\">Le gouvernement espagnol a, de son c\u00f4t\u00e9, propos\u00e9 de jouer les interm\u00e9diaires dans la crise entre le Venezuela et les \u00c9tats-Unis. \u00ab\u00a0L&rsquo;Espagne appelle \u00e0 la d\u00e9sescalade et \u00e0 la mod\u00e9ration\u00a0\u00bb, a d\u00e9clar\u00e9 le minist\u00e8re des Affaires \u00e9trang\u00e8res dans un communiqu\u00e9, se disant \u00ab\u00a0\u00e0 cet \u00e9gard (\u2026) dispos\u00e9e \u00e0 offrir ses bons offices pour parvenir \u00e0 une solution pacifique et n\u00e9goci\u00e9e \u00e0 la crise actuelle\u00a0\u00bb.<\/p>\n<p>La cheffe de la diplomatie de l&rsquo;Union europ\u00e9enne, Kaja Kallas, a appel\u00e9 \u00e0 la \u00ab\u00a0retenue\u00a0\u00bb et au respect du droit international au Venezuela. Sur le r\u00e9seau X, Kaja Kallas a pr\u00e9cis\u00e9 avoir eu un \u00e9change au t\u00e9l\u00e9phone avec le secr\u00e9taire d&rsquo;Etat am\u00e9ricain, Marco Rubio, auquel elle a rappel\u00e9 que l&rsquo;UE contestait la l\u00e9gitimit\u00e9 d\u00e9mocratique de Nicolas Maduro. Mais \u00ab\u00a0en toutes circonstances, les principes du droit international et de la Charte des Nations unies doivent \u00eatre respect\u00e9s\u00a0\u00bb, a-t-elle \u00e9crit.\u00a0<\/p>\n<p>L&rsquo;administration am\u00e9ricaine et la France n&rsquo;ont pas encore comment\u00e9 ces \u00e9v\u00e9nements au Venezuela, \u00e0 l&rsquo;heure o\u00f9 ces lignes sont \u00e9crites. Donald Trump doit tenir une conf\u00e9rence de presse \u00e0 11h (17h heure fran\u00e7aise) dans sa r\u00e9sidence de Mar-a-Lago, en Floride.\u00a0<\/p>\n<p>    La r\u00e9daction vous recommande<\/p>\n<p class=\"s-newsletter__title\">\n                L\u2019actualit\u00e9 par la r\u00e9daction de RTL dans votre bo\u00eete mail.\n            <\/p>\n<p class=\"s-newsletter__subtitle\">\n                Gr\u00e2ce \u00e0 votre compte RTL abonnez-vous \u00e0 la newsletter RTL info pour suivre toute l&rsquo;actualit\u00e9 au quotidien\n            <\/p>\n<p>\n                                    Lire la suite\n                                <\/p>\n","protected":false},"excerpt":{"rendered":"Un tournant majeur dans les tensions entre les \u00c9tats-Unis et le Venezuela. Ce samedi 3 janvier 2026, apr\u00e8s&hellip;\n","protected":false},"author":2,"featured_media":632333,"comment_status":"","ping_status":"","sticky":false,"template":"","format":"standard","meta":{"footnotes":""},"categories":[1591],"tags":[11,73,1887,107,3019,12,1885,1886,132,364,337],"class_list":{"0":"post-638324","1":"post","2":"type-post","3":"status-publish","4":"format-standard","5":"has-post-thumbnail","7":"category-russie","8":"tag-actualites","9":"tag-etats-unis","10":"tag-federation-de-russie","11":"tag-fil-info","12":"tag-iran","13":"tag-news","14":"tag-russia","15":"tag-russian-federation","16":"tag-russie","17":"tag-union-europeenne","18":"tag-venezuela"},"share_on_mastodon":{"url":"https:\/\/pubeurope.com\/@fr\/115831296954907191","error":""},"_links":{"self":[{"href":"https:\/\/www.europesays.com\/fr\/wp-json\/wp\/v2\/posts\/638324","targetHints":{"allow":["GET"]}}],"collection":[{"href":"https:\/\/www.europesays.com\/fr\/wp-json\/wp\/v2\/posts"}],"about":[{"href":"https:\/\/www.europesays.com\/fr\/wp-json\/wp\/v2\/types\/post"}],"author":[{"embeddable":true,"href":"https:\/\/www.europesays.com\/fr\/wp-json\/wp\/v2\/users\/2"}],"replies":[{"embeddable":true,"href":"https:\/\/www.europesays.com\/fr\/wp-json\/wp\/v2\/comments?post=638324"}],"version-history":[{"count":0,"href":"https:\/\/www.europesays.com\/fr\/wp-json\/wp\/v2\/posts\/638324\/revisions"}],"wp:featuredmedia":[{"embeddable":true,"href":"https:\/\/www.europesays.com\/fr\/wp-json\/wp\/v2\/media\/632333"}],"wp:attachment":[{"href":"https:\/\/www.europesays.com\/fr\/wp-json\/wp\/v2\/media?parent=638324"}],"wp:term":[{"taxonomy":"category","embeddable":true,"href":"https:\/\/www.europesays.com\/fr\/wp-json\/wp\/v2\/categories?post=638324"},{"taxonomy":"post_tag","embeddable":true,"href":"https:\/\/www.europesays.com\/fr\/wp-json\/wp\/v2\/tags?post=638324"}],"curies":[{"name":"wp","href":"https:\/\/api.w.org\/{rel}","templated":true}]}}