{"id":638327,"date":"2026-01-03T13:02:15","date_gmt":"2026-01-03T13:02:15","guid":{"rendered":"https:\/\/www.europesays.com\/fr\/638327\/"},"modified":"2026-01-03T13:02:15","modified_gmt":"2026-01-03T13:02:15","slug":"les-reactions-internationales-a-lattaque","status":"publish","type":"post","link":"https:\/\/www.europesays.com\/fr\/638327\/","title":{"rendered":"les r\u00e9actions internationales \u00e0 l\u2019attaque"},"content":{"rendered":"<p class=\"upper-letter\">Samedi, <a href=\"https:\/\/www.challenges.fr\/monde\/en-2025-donald-trump-a-faconne-un-nouveau-monde-a-quoi-sattendre-en-2026_634831\" target=\"_blank\" rel=\"noopener\">le pr\u00e9sident am\u00e9ricain Donald Trump<\/a> a d\u00e9clar\u00e9 que les forces des \u00c9tats-Unis avaient <a href=\"https:\/\/www.challenges.fr\/monde\/le-venezuela-accuse-les-etats-unis-apres-une-serie-dexplosions-nocturnes_635438\" target=\"_blank\" rel=\"noopener\">captur\u00e9 son homologue v\u00e9n\u00e9zu\u00e9lien<\/a>, Nicol\u00e1s Maduro, \u00e0 la suite d\u2019une attaque de grande envergure contre le pays sud-am\u00e9ricain. De fortes explosions ont secou\u00e9 Caracas et sa r\u00e9gion en pleine nuit, marquant une escalade majeure dans les tensions r\u00e9gionales.<\/p>\n<p>La vice-pr\u00e9sidente v\u00e9n\u00e9zu\u00e9lienne a indiqu\u00e9 ignorer la localisation de Maduro et de son \u00e9pouse et a exig\u00e9 des \u00c9tats-Unis une preuve de vie. De son c\u00f4t\u00e9, le num\u00e9ro deux de la diplomatie am\u00e9ricaine a salu\u00e9 une \u00ab\u00a0nouvelle \u00e8re\u00a0\u00bb pour le Venezuela.<\/p>\n<p>Voici les r\u00e9actions internationales \u00e0 cette attaque de Washington, a priori termin\u00e9e selon un s\u00e9nateur am\u00e9ricain\u00a0:<\/p>\n<p>La cheffe de la diplomatie de l\u2019Union europ\u00e9enne, Kaja Kallas, a appel\u00e9 samedi \u00e0 la \u00ab\u00a0retenue\u00a0\u00bb et au respect du droit international au Venezuela, apr\u00e8s l\u2019annonce par le pr\u00e9sident am\u00e9ricain, Donald Trump, de la \u00ab\u00a0capture\u00a0\u00bb de son homologue v\u00e9n\u00e9zu\u00e9lien, Nicol\u00e1s Maduro. Sur le r\u00e9seau X, Kaja Kallas a pr\u00e9cis\u00e9 avoir eu un \u00e9change au t\u00e9l\u00e9phone avec le secr\u00e9taire d\u2019Etat am\u00e9ricain, Marco Rubio, auquel elle a rappel\u00e9 que l\u2019UE contestait la l\u00e9gitimit\u00e9 d\u00e9mocratique de Nicolas Maduro. \u00ab\u00a0L\u2019UE a d\u00e9clar\u00e9 \u00e0 plusieurs reprises que M. Maduro manquait de l\u00e9gitimit\u00e9 et a d\u00e9fendu une transition pacifique\u00a0\u00bb au Venezuela, a \u00e9crit Mme Kallas.<\/p>\n<p>Mais, a-t-elle ajout\u00e9, \u00ab\u00a0en toutes circonstances, les principes du droit international et de la Charte des Nations unies doivent \u00eatre respect\u00e9s. Nous appelons \u00e0 la retenue\u00a0\u00bb.<\/p>\n<p>\u00ab\u00a0Ce matin, les Etats-Unis ont commis un acte d\u2019agression arm\u00e9e contre le Venezuela. Ceci est profond\u00e9ment pr\u00e9occupant et condamnable\u00a0\u00bb, a d\u00e9clar\u00e9 le minist\u00e8re russe des Affaires \u00e9trang\u00e8res dans un communiqu\u00e9, estimant que \u00ab\u00a0l\u2019hostilit\u00e9 id\u00e9ologique a triomph\u00e9 du pragmatisme \u00e9conomique\u00a0\u00bb.<\/p>\n<p>La Russie est un alli\u00e9 du Venezuela.<\/p>\n<p><a href=\"https:\/\/www.challenges.fr\/monde\/la-russie-espere-que-trump-ne-commettra-pas-derreur-fatale-avec-le-venezuela_634398\" rel=\"noopener noreferrer\" class=\"cursor-pointer decoration-inherit\" stop=\"false\" data-v-a5631e0e=\"\" target=\"_blank\"><\/p>\n<p>La Russie esp\u00e8re que Trump ne commettra pas d&rsquo;\u00ab\u00a0erreur fatale\u00a0\u00bb avec le Venezuela<\/p>\n<p><\/a><a href=\"https:\/\/www.challenges.fr\/monde\/la-russie-espere-que-trump-ne-commettra-pas-derreur-fatale-avec-le-venezuela_634398\" rel=\"noopener noreferrer\" class=\"cursor-pointer decoration-inherit\" stop=\"false\" data-v-a5631e0e=\"\" target=\"_blank\"><\/a><\/p>\n<p>Le Premier ministre britannique Keir Starmer a d\u00e9clar\u00e9 samedi que tous les pays devaient \u00ab\u00a0respecter le droit international\u00a0\u00bb, apr\u00e8s l&rsquo;annonce par le pr\u00e9sident am\u00e9ricain Donald Trump de la \u00ab\u00a0capture\u00a0\u00bb de son homologue v\u00e9n\u00e9zu\u00e9lien, Nicolas Maduro.\u00a0\u00bbJe souhaite m&rsquo;entretenir avec le pr\u00e9sident (Trump) (&#8230;) mais pour l&rsquo;instant, je pense que nous devons \u00e9tablir les faits\u00a0\u00bb, a d\u00e9clar\u00e9 le chef de l&rsquo;ex\u00e9cutif lors d&rsquo;une br\u00e8ve d\u00e9claration diffus\u00e9e sur les cha\u00eenes de t\u00e9l\u00e9vision britanniques.<\/p>\n<p>Le Royaume-Uni n&rsquo;a pas \u00ab\u00a0particip\u00e9 \u00e0 cette op\u00e9ration (&#8230;) et je crois fermement que nous devons tous respecter le droit international\u00a0\u00bb, a-t-il ajout\u00e9.<\/p>\n<p>La <a href=\"https:\/\/www.challenges.fr\/monde\/la-colombie-accuse-le-venezuela-de-vouloir-acheter-des-missiles-iraniens_723809\" target=\"_blank\" rel=\"noopener\">Colombie<\/a> a annonc\u00e9 le d\u00e9ploiement de troupes \u00e0 sa fronti\u00e8re avec le Venezuela.<\/p>\n<p>Le pr\u00e9sident colombien Gustavo Petro, proche de Nicolas Maduro, a d\u00e9nonc\u00e9 une attaque am\u00e9ricaine aux \u00ab\u00a0missiles\u00a0\u00bb contre Caracas, qualifi\u00e9 les actions de Washington d&rsquo;\u00ab\u00a0atteinte \u00e0 la souverainet\u00e9\u00a0\u00bb de l\u2019Am\u00e9rique latine et d\u00e9clar\u00e9 qu\u2019elles entra\u00eeneraient une crise humanitaire.<\/p>\n<p>\u00ab\u00a0Alerte g\u00e9n\u00e9rale, ils ont attaqu\u00e9 le Venezuela\u00a0\u00bb, a \u00e9crit sur son compte X le pr\u00e9sident colombien, proche de Nicolas Maduro. Il a demand\u00e9 une r\u00e9union \u00ab\u00a0imm\u00e9diate\u00a0\u00bb de l\u2019Organisation des Etats am\u00e9ricains (OEA) et de l\u2019ONU pour se prononcer sur la \u00ab\u00a0l\u00e9galit\u00e9 internationale\u00a0\u00bb de cette \u00ab\u00a0agression\u00a0\u00bb contre le pays voisin.<\/p>\n<p>\u00ab\u00a0Le minist\u00e8re iranien des Affaires \u00e9trang\u00e8res condamne fermement l\u2019attaque militaire am\u00e9ricaine contre le Venezuela et la violation flagrante de la souverainet\u00e9 nationale et de l\u2019int\u00e9grit\u00e9 territoriale du pays\u00a0\u00bb, a indiqu\u00e9 dans un communiqu\u00e9 la diplomatie iranienne, fustigeant \u00ab\u00a0l\u2019agression ill\u00e9gale des Etats-Unis\u00a0\u00bb, ennemi de la R\u00e9publique islamique. L\u2019Iran entretient des liens \u00e9troits avec le Venezuela.<\/p>\n<p>Le gouvernement espagnol a propos\u00e9 samedi de jouer les interm\u00e9diaires. \u00ab\u00a0L\u2019Espagne appelle \u00e0 la d\u00e9sescalade et \u00e0 la mod\u00e9ration\u00a0\u00bb et est \u00ab\u00a0dispos\u00e9e \u00e0 offrir ses bons offices pour parvenir \u00e0 une solution pacifique et n\u00e9goci\u00e9e \u00e0 la crise actuelle\u00a0\u00bb, a d\u00e9clar\u00e9 le minist\u00e8re des Affaires \u00e9trang\u00e8res dans un communiqu\u00e9.<\/p>\n<p><a href=\"https:\/\/www.challenges.fr\/politique\/venezuela-la-gauche-francaise-denonce-lenlevement-de-maduro_635449\" target=\"_blank\" rel=\"noopener\">Venezuela\u00a0: la gauche fran\u00e7aise d\u00e9nonce \u00ab\u00a0l\u2019enl\u00e8vement\u00a0\u00bb de Maduro<\/a><\/p>\n<p>\u00ab\u00a0Nous suivons de tr\u00e8s pr\u00e8s la situation au Venezuela et prenons connaissance des derniers rapports avec une grande inqui\u00e9tude. Le minist\u00e8re est en contact \u00e9troit avec l\u2019ambassade \u00e0 Caracas. La situation reste encore floue \u00e0 certains \u00e9gards. La cellule de crise du gouvernement allemand se r\u00e9unit aujourd\u2019hui au minist\u00e8re\u00a0\u00bb, a indiqu\u00e9 le minist\u00e8re des Affaires \u00e9trang\u00e8res allemand.<\/p>\n<p>\u00ab\u00a0Nous assistons \u00e0 une attaque des forces am\u00e9ricaines contre Caracas, la capitale du Venezuela. L\u2019ann\u00e9e 2026 commence donc par un coup dur. Nous aurons l\u2019occasion d\u2019analyser les r\u00e9percussions de cette attaque sur la situation dans notre r\u00e9gion. Un \u00e9v\u00e9nement comme l\u2019attaque am\u00e9ricaine d\u2019aujourd\u2019hui contre le Venezuela affecte le monde entier ; nous r\u00e9agirons et nous pr\u00e9parerons \u00e0 cette nouvelle situation\u00a0\u00bb, a assur\u00e9 le Premier ministre, Donald Tusk, lors d\u2019une conf\u00e9rence de presse.<\/p>\n<p>\u00ab\u00a0La Premi\u00e8re ministre, Giorgia Meloni, suit de pr\u00e8s la situation au Venezuela et reste en contact permanent avec le ministre des Affaires \u00e9trang\u00e8res et de la Coop\u00e9ration internationale, Antonio Tajani, notamment pour recueillir des informations sur nos compatriotes\u00a0\u00bb, selon un communiqu\u00e9 des services de Mme Meloni.<\/p>\n","protected":false},"excerpt":{"rendered":"Samedi, le pr\u00e9sident am\u00e9ricain Donald Trump a d\u00e9clar\u00e9 que les forces des \u00c9tats-Unis avaient captur\u00e9 son homologue v\u00e9n\u00e9zu\u00e9lien,&hellip;\n","protected":false},"author":2,"featured_media":638328,"comment_status":"","ping_status":"","sticky":false,"template":"","format":"standard","meta":{"footnotes":""},"categories":[1589],"tags":[11,75,73,1866,12,338,1864,1865,1863,308,337],"class_list":{"0":"post-638327","1":"post","2":"type-post","3":"status-publish","4":"format-standard","5":"has-post-thumbnail","7":"category-etats-unis","8":"tag-actualites","9":"tag-donald-trump","10":"tag-etats-unis","11":"tag-etats-unis-damerique","12":"tag-news","13":"tag-nicolas-maduro","14":"tag-united-states","15":"tag-united-states-of-america","16":"tag-us","17":"tag-usa","18":"tag-venezuela"},"share_on_mastodon":{"url":"https:\/\/pubeurope.com\/@fr\/115831304841250529","error":""},"_links":{"self":[{"href":"https:\/\/www.europesays.com\/fr\/wp-json\/wp\/v2\/posts\/638327","targetHints":{"allow":["GET"]}}],"collection":[{"href":"https:\/\/www.europesays.com\/fr\/wp-json\/wp\/v2\/posts"}],"about":[{"href":"https:\/\/www.europesays.com\/fr\/wp-json\/wp\/v2\/types\/post"}],"author":[{"embeddable":true,"href":"https:\/\/www.europesays.com\/fr\/wp-json\/wp\/v2\/users\/2"}],"replies":[{"embeddable":true,"href":"https:\/\/www.europesays.com\/fr\/wp-json\/wp\/v2\/comments?post=638327"}],"version-history":[{"count":0,"href":"https:\/\/www.europesays.com\/fr\/wp-json\/wp\/v2\/posts\/638327\/revisions"}],"wp:featuredmedia":[{"embeddable":true,"href":"https:\/\/www.europesays.com\/fr\/wp-json\/wp\/v2\/media\/638328"}],"wp:attachment":[{"href":"https:\/\/www.europesays.com\/fr\/wp-json\/wp\/v2\/media?parent=638327"}],"wp:term":[{"taxonomy":"category","embeddable":true,"href":"https:\/\/www.europesays.com\/fr\/wp-json\/wp\/v2\/categories?post=638327"},{"taxonomy":"post_tag","embeddable":true,"href":"https:\/\/www.europesays.com\/fr\/wp-json\/wp\/v2\/tags?post=638327"}],"curies":[{"name":"wp","href":"https:\/\/api.w.org\/{rel}","templated":true}]}}