{"id":638329,"date":"2026-01-03T13:03:23","date_gmt":"2026-01-03T13:03:23","guid":{"rendered":"https:\/\/www.europesays.com\/fr\/638329\/"},"modified":"2026-01-03T13:03:23","modified_gmt":"2026-01-03T13:03:23","slug":"maintenant-que-tu-es-un-gaulois-george-clooney-voici-comment-etre-francais","status":"publish","type":"post","link":"https:\/\/www.europesays.com\/fr\/638329\/","title":{"rendered":"Maintenant que tu es un Gaulois, George Clooney, voici comment \u00eatre fran\u00e7ais"},"content":{"rendered":"\n<p>C\u2019est peut-\u00eatre un d\u00e9tail pour vous, une petite anecdote pour clore l\u2019ann\u00e9e, mais j\u2019ai \u00e9t\u00e9 furieuse d\u2019apprendre que George Clooney avait \u00e9t\u00e9 naturalis\u00e9 fran\u00e7ais [par d\u00e9cret en date du 26\u00a0d\u00e9cembre]. Je vis en France depuis pr\u00e8s de dix\u00a0ans et j\u2019ai entam\u00e9 il y a deux ans les proc\u00e9dures pour obtenir la nationalit\u00e9.<\/p>\n<p>J\u2019ai pass\u00e9 des ann\u00e9es \u00e0 \u00e9tudier le fran\u00e7ais et parler cette langue couramment a n\u00e9cessit\u00e9 d\u2019innombrables heures de travail. Pendant ce temps-l\u00e0, l\u2019acteur a r\u00e9cemment d\u00e9clar\u00e9 sur Canal+\u00a0que son niveau de fran\u00e7ais \u00e9tait \u201ccatastrophique\u201d et qu\u2019il ne s\u2019\u00e9tait install\u00e9 en France qu\u2019en 2021, quand lui et son \u00e9pouse, l\u2019avocate Amal Alamuddin Clooney, ont achet\u00e9 un mas proven\u00e7al. Quelle injustice\u00a0!*<\/p>\n<p>Malgr\u00e9 tout, pour d\u00e9crocher la nationalit\u00e9, George Clooney et sa famille ont bien d\u00fb accomplir les m\u00eames formalit\u00e9s que moi. Il faut notamment fournir une montagne de documents administratifs et r\u00e9ussir un \u201centretien d\u2019assimilation\u201d tr\u00e8s rigoureux avec un fonctionnaire.<\/p>\n<p> \u00c9viter les exc\u00e8s de bonne humeur <\/p>\n<p>Pour s\u2019y pr\u00e9parer, les candidats sont encourag\u00e9s \u00e0 t\u00e9l\u00e9charger et \u00e0 \u00e9tudier un livret qui couvre tous les sujets, de la R\u00e9volution fran\u00e7aise \u00e0 <a href=\"https:\/\/www.courrierinternational.com\/article\/opinion-brigitte-bardot-merite-t-elle-le-titre-d-icone_238831\" target=\"_blank\" rel=\"noopener\">la port\u00e9e culturelle de Brigitte Bardot<\/a>. Ce n\u2019\u00e9tait pas de tout repos.<\/p>\n<p>Le jour de mon rendez-vous, en avril, on a v\u00e9rifi\u00e9 que j\u2019adh\u00e9rais aux vale<\/p>\n<p>  Offres sp\u00e9ciales  Pour lire la suite de cet article, abonnez-vous <\/p>\n<p class=\"paywall-text\">Acc\u00e9dez \u00e0\u00a0l\u2019int\u00e9gralit\u00e9 de\u00a0nos contenus sur le\u00a0site et\u00a0l\u2019application en\u00a0vous abonnant \u00e0\u00a0<strong>l\u2019offre sp\u00e9ciale.<\/strong><\/p>\n<p class=\"price\">D\u00e8s <strong>2,99\u00a0\u20ac<\/strong>\/mois<\/p>\n<p> Sans engagement \u2022 R\u00e9siliable en ligne                             Offres sp\u00e9ciales  <\/p>\n<p class=\"popin-title\"> <strong>Profitez d\u2019un acc\u00e8s illimit\u00e9 (-57%)<\/strong> <\/p>\n<p>    <img loading=\"lazy\" decoding=\"async\" class=\"popin-img\" src=\"https:\/\/www.europesays.com\/fr\/wp-content\/uploads\/2025\/12\/1766808989_718_fe6cca3_upload-1-y50fm5af5abj-pop-in.png\"  alt=\"Image d'illustration pour l'abonnement\" width=\"300\" height=\"250\"\/>    <\/p>\n<p class=\"price\"> 2,99 \u20ac par mois <\/p>\n<p class=\"popin-engagement\">au lieu de 6,99 \u20ac, r\u00e9siliable \u00e0 tout moment<\/p>\n<p>  <a class=\"ithal-element\" href=\"https:\/\/macommande.courrierinternational.com\/account\/create\/CWADIMENS299PRIO\/CW365N3600ADD1FPRIO?marketing=RCWSITEDISPLAY01\" data-model=\"button\" data-ithal=\"popin_offre_speciale\" data-ithalc=\"[cta_abo]\" id=\"click_popin_offre_speciale\" target=\"_blank\" rel=\"noopener\">J\u2019en profite<\/a>             <\/p>\n<p class=\"article-authors\">                         <a href=\"https:\/\/www.courrierinternational.com\/auteur\/hannah-meltzer\" target=\"_blank\" rel=\"noopener\">Hannah Meltzer<\/a>    <\/p>\n<p class=\"article-vo\"><a href=\"https:\/\/www.thetimes.com\/life-style\/celebrity\/article\/george-clooney-french-citizenship-fzjkqm86s\" rel=\"noopener\" target=\"_blank\">Lire l\u2019article original<\/a><\/p>\n<p>Nos lecteurs ont lu\u00a0aussi<\/p>\n<p>Source de l\u2019article<\/p>\n<p>   <img decoding=\"async\" class=\"source-logo\" src=\"https:\/\/www.europesays.com\/fr\/wp-content\/uploads\/2025\/04\/1745749512_584_6daa7ca_1643653582538-the-times.jpg\"  alt=\"Logo\" loading=\"lazy\" width=\"32\" height=\"32\"\/>  The Times  (Londres)       <\/p>\n<p>Le plus ancien des quotidiens britanniques (1785) et le plus connu \u00e0 l\u2019\u00e9tranger appartient depuis 1981\u00a0\u00e0 News UK, propri\u00e9t\u00e9 du milliardaire Rupert Murdoch. De tendance conservatrice, il a longtemps \u00e9t\u00e9 le journal de r\u00e9f\u00e9rence et la voix de l\u2019establishment. En 2016, The Times se prononce contre la sortie du Royaume-Uni de l\u2019Union europ\u00e9enne et continue de militer pour la pr\u00e9servation de bonnes relations avec le continent.<\/p>\n<p>Aux quelque 360\u00a0000\u00a0lecteurs du journal en version papier s\u2019ajoutent plus de 400\u00a0000\u00a0abonn\u00e9s num\u00e9riques. Au d\u00e9but de l\u2019agression russe en Ukraine, le 24\u00a0f\u00e9vrier 2022, le site de The Times (partag\u00e9 avec son \u00e9dition dominicale The Sunday Times) enregistre 1\u00a0000\u00a0nouveaux abonnements par jour, reflet de son excellent travail de terrain en mati\u00e8re d\u2019actualit\u00e9 internationale. Sept reporters couvrent le conflit en permanence, sur le terrain.<\/p>\n<p>En 2020, News UK a lanc\u00e9 Times Radio, station de radio g\u00e9n\u00e9raliste pens\u00e9e pour concurrencer BBC Radio 4, l\u2019\u00e9quivalent britannique de France Inter. Anim\u00e9es en partie par des journalistes de la r\u00e9daction de The Times, ses \u00e9missions attirent un demi-million d\u2019auditeurs par semaine.<\/p>\n<p>      <a href=\"https:\/\/www.courrierinternational.com\/notule-source\/the-times\" class=\"source-link\" target=\"_blank\" rel=\"noopener\">Lire la suite<\/a>                 <\/p>\n<p>Nos services<\/p>\n","protected":false},"excerpt":{"rendered":"C\u2019est peut-\u00eatre un d\u00e9tail pour vous, une petite anecdote pour clore l\u2019ann\u00e9e, mais j\u2019ai \u00e9t\u00e9 furieuse d\u2019apprendre que&hellip;\n","protected":false},"author":2,"featured_media":638330,"comment_status":"","ping_status":"","sticky":false,"template":"","format":"standard","meta":{"footnotes":""},"categories":[1588],"tags":[11,251,1777,674,27,3821,12,473,1853,1851,1850,1852],"class_list":{"0":"post-638329","1":"post","2":"type-post","3":"status-publish","4":"format-standard","5":"has-post-thumbnail","7":"category-royaume-uni","8":"tag-actualites","9":"tag-culture","10":"tag-eu","11":"tag-europe","12":"tag-france","13":"tag-la-france-vue-de-lu2019u00e9tranger","14":"tag-news","15":"tag-royaume-uni","16":"tag-royaume-uni-de-grande-bretagne-et-dirlande-du-nord","17":"tag-uk","18":"tag-united-kingdom","19":"tag-united-kingdom-of-great-britain-and-northern-ireland"},"share_on_mastodon":{"url":"https:\/\/pubeurope.com\/@fr\/115831308628915365","error":""},"_links":{"self":[{"href":"https:\/\/www.europesays.com\/fr\/wp-json\/wp\/v2\/posts\/638329","targetHints":{"allow":["GET"]}}],"collection":[{"href":"https:\/\/www.europesays.com\/fr\/wp-json\/wp\/v2\/posts"}],"about":[{"href":"https:\/\/www.europesays.com\/fr\/wp-json\/wp\/v2\/types\/post"}],"author":[{"embeddable":true,"href":"https:\/\/www.europesays.com\/fr\/wp-json\/wp\/v2\/users\/2"}],"replies":[{"embeddable":true,"href":"https:\/\/www.europesays.com\/fr\/wp-json\/wp\/v2\/comments?post=638329"}],"version-history":[{"count":0,"href":"https:\/\/www.europesays.com\/fr\/wp-json\/wp\/v2\/posts\/638329\/revisions"}],"wp:featuredmedia":[{"embeddable":true,"href":"https:\/\/www.europesays.com\/fr\/wp-json\/wp\/v2\/media\/638330"}],"wp:attachment":[{"href":"https:\/\/www.europesays.com\/fr\/wp-json\/wp\/v2\/media?parent=638329"}],"wp:term":[{"taxonomy":"category","embeddable":true,"href":"https:\/\/www.europesays.com\/fr\/wp-json\/wp\/v2\/categories?post=638329"},{"taxonomy":"post_tag","embeddable":true,"href":"https:\/\/www.europesays.com\/fr\/wp-json\/wp\/v2\/tags?post=638329"}],"curies":[{"name":"wp","href":"https:\/\/api.w.org\/{rel}","templated":true}]}}