{"id":638331,"date":"2026-01-03T13:04:13","date_gmt":"2026-01-03T13:04:13","guid":{"rendered":"https:\/\/www.europesays.com\/fr\/638331\/"},"modified":"2026-01-03T13:04:13","modified_gmt":"2026-01-03T13:04:13","slug":"nos-voisins-badois-debutent-lannee-en-faisant-le-pont","status":"publish","type":"post","link":"https:\/\/www.europesays.com\/fr\/638331\/","title":{"rendered":"nos voisins badois d\u00e9butent l\u2019ann\u00e9e en faisant le pont"},"content":{"rendered":"<p>En Alsace, ce lundi 5 janvier marquera le retour au travail apr\u00e8s les f\u00eates ! Mais nos voisins badois b\u00e9n\u00e9ficieront eux d\u2019une petite rallonge puisqu\u2019ils commencent l\u2019ann\u00e9e par un pont !<\/p>\n<p>En effet, ce mardi 6 janvier, jour de l\u2019\u00c9piphanie (la visite des mages \u00e0 la cr\u00e8che), est f\u00e9ri\u00e9 dans le Bade-Wurtemberg. Dans les \u00e9tablissements scolaires, les cours ne reprennent que mercredi 7 janvier. Et beaucoup d\u2019entreprises et de services ont accord\u00e9 le lundi 5 janvier \u00e0 leurs salari\u00e9s pour faire le pont.<\/p>\n<p> Traditionnellement, ce jour-l\u00e0, les enfants circulent de maison en maison grim\u00e9s en rois mages, inscrivent \u00e0 la croix sur les frontons des habitations les initiales M + B + G (Melchior, Balthazar, Gaspard), chantent et r\u00e9coltent des dons pour des \u0153uvres caritatives.<\/p>\n<p>L\u2019\u00c9piphanie est f\u00e9ri\u00e9e dans deux autres L\u00e4nder allemands : la Bavi\u00e8re et la Saxe-Anhalt. Ce jour de l\u2019\u00c9piphanie est \u00e9galement non travaill\u00e9 dans cinq cantons suisses : les Grisons, le Tessin, Uri, Schwytz et Lucerne. Et il est f\u00e9ri\u00e9 dans toute l\u2019Autriche.<\/p>\n","protected":false},"excerpt":{"rendered":"En Alsace, ce lundi 5 janvier marquera le retour au travail apr\u00e8s les f\u00eates ! Mais nos voisins&hellip;\n","protected":false},"author":2,"featured_media":638332,"comment_status":"","ping_status":"","sticky":false,"template":"","format":"standard","meta":{"footnotes":""},"categories":[1587],"tags":[11,672,2389,1804,1687,1805,1803,1777,674,107,1801,12,2661,1802],"class_list":{"0":"post-638331","1":"post","2":"type-post","3":"status-publish","4":"format-standard","5":"has-post-thumbnail","7":"category-allemagne","8":"tag-actualites","9":"tag-allemagne","10":"tag-alsace","11":"tag-bundesrepublik-deutschland","12":"tag-culture-loisirs","13":"tag-de","14":"tag-deutschland","15":"tag-eu","16":"tag-europe","17":"tag-fil-info","18":"tag-germany","19":"tag-news","20":"tag-patrimoine-culturel","21":"tag-republique-federale-dallemagne"},"share_on_mastodon":{"url":"https:\/\/pubeurope.com\/@fr\/115831312654829557","error":""},"_links":{"self":[{"href":"https:\/\/www.europesays.com\/fr\/wp-json\/wp\/v2\/posts\/638331","targetHints":{"allow":["GET"]}}],"collection":[{"href":"https:\/\/www.europesays.com\/fr\/wp-json\/wp\/v2\/posts"}],"about":[{"href":"https:\/\/www.europesays.com\/fr\/wp-json\/wp\/v2\/types\/post"}],"author":[{"embeddable":true,"href":"https:\/\/www.europesays.com\/fr\/wp-json\/wp\/v2\/users\/2"}],"replies":[{"embeddable":true,"href":"https:\/\/www.europesays.com\/fr\/wp-json\/wp\/v2\/comments?post=638331"}],"version-history":[{"count":0,"href":"https:\/\/www.europesays.com\/fr\/wp-json\/wp\/v2\/posts\/638331\/revisions"}],"wp:featuredmedia":[{"embeddable":true,"href":"https:\/\/www.europesays.com\/fr\/wp-json\/wp\/v2\/media\/638332"}],"wp:attachment":[{"href":"https:\/\/www.europesays.com\/fr\/wp-json\/wp\/v2\/media?parent=638331"}],"wp:term":[{"taxonomy":"category","embeddable":true,"href":"https:\/\/www.europesays.com\/fr\/wp-json\/wp\/v2\/categories?post=638331"},{"taxonomy":"post_tag","embeddable":true,"href":"https:\/\/www.europesays.com\/fr\/wp-json\/wp\/v2\/tags?post=638331"}],"curies":[{"name":"wp","href":"https:\/\/api.w.org\/{rel}","templated":true}]}}