{"id":638340,"date":"2026-01-03T13:09:10","date_gmt":"2026-01-03T13:09:10","guid":{"rendered":"https:\/\/www.europesays.com\/fr\/638340\/"},"modified":"2026-01-03T13:09:10","modified_gmt":"2026-01-03T13:09:10","slug":"la-france-battue-dentree-par-la-suisse-en-united-cup","status":"publish","type":"post","link":"https:\/\/www.europesays.com\/fr\/638340\/","title":{"rendered":"la France battue d&rsquo;entr\u00e9e par la Suisse en United Cup"},"content":{"rendered":"<p>L\u00e9olia Jeanjean (103e), <a href=\"https:\/\/www.laprovence.com\/article\/sports\/17078705620904\/tennis-lois-boisson-annonce-mettre-un-terme-a-sa-saison\" target=\"_blank\" rel=\"noopener\">qui avait remplac\u00e9 Lo\u00efs Boisson<\/a>, bless\u00e9e \u00e0 un genou, a \u00e9t\u00e9 battue par Belinda Bencic, 11e mondiale (6-2, 6-4), malgr\u00e9 une remont\u00e9e \u00e0 5-4 dans le deuxi\u00e8me set o\u00f9 elle \u00e9tait men\u00e9e 4-0. Dans l&rsquo;autre simple, Arthur Rinderknech (29e) a \u00e9t\u00e9 domin\u00e9 <a href=\"https:\/\/www.laprovence.com\/article\/sports\/1318449201734315\/tennis-quand-stan-wawrinka-se-fait-voler-sa-raquette-au-tournoi-daix-en-provence\" target=\"_blank\" rel=\"noopener\">par le v\u00e9t\u00e9ran Stan Wawrinka, 40 ans<\/a>, lors d&rsquo;un match tr\u00e8s accroch\u00e9, 5-7, 7-6 (7\/5), 7-6 (7\/5). \u00c0 l\u2019issue de plus de trois heures de jeu, le triple laur\u00e9at en Grand Chelem a finalement apport\u00e9 le point \u00e0 la Suisse.<\/p>\n<p>En double, la paire constitu\u00e9e d&rsquo;\u00c9douard Roger-Vasselin et Sarah Rakotomanga a \u00e9t\u00e9 aussi battue par le duo Belinda Bencic-Jakub Paul (6-2, 5-7, 10-2). La France tentera de rectifier le tir mardi contre l&rsquo;Italie.<\/p>\n","protected":false},"excerpt":{"rendered":"L\u00e9olia Jeanjean (103e), qui avait remplac\u00e9 Lo\u00efs Boisson, bless\u00e9e \u00e0 un genou, a \u00e9t\u00e9 battue par Belinda Bencic,&hellip;\n","protected":false},"author":2,"featured_media":638341,"comment_status":"","ping_status":"","sticky":false,"template":"","format":"standard","meta":{"footnotes":""},"categories":[4],"tags":[5734,11,12078,10907,1011,27,12,5912,25,60,3067,1467,43775],"class_list":{"0":"post-638340","1":"post","2":"type-post","3":"status-publish","4":"format-standard","5":"has-post-thumbnail","7":"category-france","8":"tag-5734","9":"tag-actualites","10":"tag-battue","11":"tag-dentree","12":"tag-fr","13":"tag-france","14":"tag-news","15":"tag-par","16":"tag-republique-francaise","17":"tag-sports","18":"tag-suisse","19":"tag-tennis","20":"tag-united"},"share_on_mastodon":{"url":"https:\/\/pubeurope.com\/@fr\/115831332039254285","error":""},"_links":{"self":[{"href":"https:\/\/www.europesays.com\/fr\/wp-json\/wp\/v2\/posts\/638340","targetHints":{"allow":["GET"]}}],"collection":[{"href":"https:\/\/www.europesays.com\/fr\/wp-json\/wp\/v2\/posts"}],"about":[{"href":"https:\/\/www.europesays.com\/fr\/wp-json\/wp\/v2\/types\/post"}],"author":[{"embeddable":true,"href":"https:\/\/www.europesays.com\/fr\/wp-json\/wp\/v2\/users\/2"}],"replies":[{"embeddable":true,"href":"https:\/\/www.europesays.com\/fr\/wp-json\/wp\/v2\/comments?post=638340"}],"version-history":[{"count":0,"href":"https:\/\/www.europesays.com\/fr\/wp-json\/wp\/v2\/posts\/638340\/revisions"}],"wp:featuredmedia":[{"embeddable":true,"href":"https:\/\/www.europesays.com\/fr\/wp-json\/wp\/v2\/media\/638341"}],"wp:attachment":[{"href":"https:\/\/www.europesays.com\/fr\/wp-json\/wp\/v2\/media?parent=638340"}],"wp:term":[{"taxonomy":"category","embeddable":true,"href":"https:\/\/www.europesays.com\/fr\/wp-json\/wp\/v2\/categories?post=638340"},{"taxonomy":"post_tag","embeddable":true,"href":"https:\/\/www.europesays.com\/fr\/wp-json\/wp\/v2\/tags?post=638340"}],"curies":[{"name":"wp","href":"https:\/\/api.w.org\/{rel}","templated":true}]}}