{"id":638344,"date":"2026-01-03T13:13:10","date_gmt":"2026-01-03T13:13:10","guid":{"rendered":"https:\/\/www.europesays.com\/fr\/638344\/"},"modified":"2026-01-03T13:13:10","modified_gmt":"2026-01-03T13:13:10","slug":"je-prefere-revenir-a-100-arthur-fils-declare-forfait-et-egratigne-la-fft-au-passage","status":"publish","type":"post","link":"https:\/\/www.europesays.com\/fr\/638344\/","title":{"rendered":"\u00ab\u00a0Je pr\u00e9f\u00e8re revenir \u00e0 100\u00a0%\u00a0\u00bb\u2026 Arthur Fils d\u00e9clare forfait et \u00e9gratigne la FFT au passage"},"content":{"rendered":"<p>L\u2019ann\u00e9e\u00a02026 va finalement mettre un peu plus de temps que pr\u00e9vu \u00e0 d\u00e9marrer pour <a href=\"https:\/\/www.20minutes.fr\/sport\/tennis\/arthur-fils\/\" class=\"c-link c-link--is-underlined\" target=\"_blank\" rel=\"noopener\">Arthur Fils<\/a>, qui a annonc\u00e9 son forfait pour l\u2019Open d\u2019Australie, le premier Grand Chelem de la saison, qui d\u00e9butera le 18\u00a0janvier prochain. Touch\u00e9 au dos <a href=\"https:\/\/www.20minutes.fr\/sport\/tennis\/roland-garros\/4156193-20250530-roland-garros-2025-blesse-arthur-fils-declare-forfait-troisieme-tour-face-rublev\" class=\"c-link c-link--is-underlined\" target=\"_blank\" rel=\"noopener\">depuis Roland-Garros<\/a>, o\u00f9 il avait d\u00fb d\u00e9clarer forfait d\u00e8s le troisi\u00e8me tour, le Fran\u00e7ais a annonc\u00e9 dans une vid\u00e9o publi\u00e9e sur <a href=\"https:\/\/youtube.com\/watch?v=OpKSFF0sEUo&amp;embeds_referring_euri=https%3A%2F%2Fwww.lequipe.fr%2F&amp;source_ve_path=OTY3MTQ\" class=\"c-link c-link--is-underlined\" target=\"_blank\" rel=\"noopener\">YouTube<\/a> et intitul\u00e9e \u00ab\u00a0Renaissance\u00a0\u00bb ne pas \u00eatre encore \u00e0 100\u00a0% de sa forme.<\/p>\n<p>\u00ab\u00a0Avec l\u2019\u00e9quipe on a d\u00e9cid\u00e9 de ne pas jouer la tourn\u00e9e australienne. Malheureusement, je sais que beaucoup d\u2019entre vous m\u2019attendaient en Australie, mais \u00e7a va \u00eatre un peu court. Il y a beaucoup de progr\u00e8s, le dos n\u2019a jamais \u00e9t\u00e9 aussi bien. Je me sens bien, on s\u2019entra\u00eene dur. Je vais juste \u00eatre un peu court pour l\u2019Australie et je pr\u00e9f\u00e8re revenir \u00e0 100\u00a0% plut\u00f4t que de revenir trop t\u00f4t\u00a0\u00bb, a-t-il expliqu\u00e9 \u00e0 ses fans.<\/p>\n<p>Fils, qui nous avait assur\u00e9s dans une interview en fin d\u2019ann\u00e9e derni\u00e8re ne pas \u00eatre inquiet pour la suite de sa carri\u00e8re, fait donc le choix de la patience, tout en mettant un petit tir \u00e0 la cellule m\u00e9dicale de la FFT, qui l\u2019aurait encourag\u00e9 \u00e0 disputer Roland dans des conditions loin d\u2019\u00eatre optimales. \u00ab\u00a0Avant Roland, le doc (de la FFT, Vincent Guillard) me dit que c\u2019est une fracture de fatigue et me demande si je veux jouer \u00e0 Paris. Il me dit que \u00e7a ne peut pas s\u2019aggraver et on fait un pacte avec lui\u00a0: si je dois prendre un antidouleur, je dois arr\u00eater le tournoi\u00a0\u00bb, confie le num\u00e9ro\u00a039 \u00e0 l\u2019ATP.<\/p>\n<\/p>\n<p>Des ambitions intactes<\/p>\n<p>Et son p\u00e8re, Jean, d\u2019ajouter dans cette vid\u00e9o que \u00ab\u00a0jouer (\u00e0 Roland) a \u00e9t\u00e9 un choix qui a eu des cons\u00e9quences. Quand on a fait une autre IRM, on a vu que \u00e7a s\u2019\u00e9tait aggrav\u00e9, contrairement \u00e0 ce qui avait \u00e9t\u00e9 dit.\u00a0\u00bb C\u2019est finalement avec un kin\u00e9 allemand que Fils d\u00e9cidera l\u2019\u00e9t\u00e9 dernier de poursuivre son protocole de soin, loin des conseils du doc de la F\u00e9d\u00e9ration fran\u00e7aise de tennis.<\/p>\n<p>Reste maintenant \u00e0 savoir quand le Fran\u00e7ais choisira de lancer sa saison\u00a02026. Cela pourrait possiblement se faire lors du tournoi de Montpellier fin janvier. La seule chose de s\u00fbre pour le moment, c\u2019est que le Parisien ne voit pas l\u2019avenir en noir et garde ses ambitions intactes. \u00ab\u00a0J\u2019ai toujours dit que je voulais \u00eatre n\u00b01 mondial et gagner des titres en Grand Chelem. Maintenant \u00e7a a plus de sens. On fait du bon boulot.\u00a0\u00bb Il faut juste se montrer encore un peu patient.<\/p>\n","protected":false},"excerpt":{"rendered":"L\u2019ann\u00e9e\u00a02026 va finalement mettre un peu plus de temps que pr\u00e9vu \u00e0 d\u00e9marrer pour Arthur Fils, qui a&hellip;\n","protected":false},"author":2,"featured_media":638345,"comment_status":"","ping_status":"","sticky":false,"template":"","format":"standard","meta":{"footnotes":""},"categories":[1415],"tags":[3768,74562,1011,27,4175,4171,517,60,1467],"class_list":{"0":"post-638344","1":"post","2":"type-post","3":"status-publish","4":"format-standard","5":"has-post-thumbnail","7":"category-tennis","8":"tag-arthur-fils","9":"tag-fft","10":"tag-fr","11":"tag-france","12":"tag-open-daustralie","13":"tag-roland-garros","14":"tag-sport","15":"tag-sports","16":"tag-tennis"},"share_on_mastodon":{"url":"https:\/\/pubeurope.com\/@fr\/115831347745308931","error":""},"_links":{"self":[{"href":"https:\/\/www.europesays.com\/fr\/wp-json\/wp\/v2\/posts\/638344","targetHints":{"allow":["GET"]}}],"collection":[{"href":"https:\/\/www.europesays.com\/fr\/wp-json\/wp\/v2\/posts"}],"about":[{"href":"https:\/\/www.europesays.com\/fr\/wp-json\/wp\/v2\/types\/post"}],"author":[{"embeddable":true,"href":"https:\/\/www.europesays.com\/fr\/wp-json\/wp\/v2\/users\/2"}],"replies":[{"embeddable":true,"href":"https:\/\/www.europesays.com\/fr\/wp-json\/wp\/v2\/comments?post=638344"}],"version-history":[{"count":0,"href":"https:\/\/www.europesays.com\/fr\/wp-json\/wp\/v2\/posts\/638344\/revisions"}],"wp:featuredmedia":[{"embeddable":true,"href":"https:\/\/www.europesays.com\/fr\/wp-json\/wp\/v2\/media\/638345"}],"wp:attachment":[{"href":"https:\/\/www.europesays.com\/fr\/wp-json\/wp\/v2\/media?parent=638344"}],"wp:term":[{"taxonomy":"category","embeddable":true,"href":"https:\/\/www.europesays.com\/fr\/wp-json\/wp\/v2\/categories?post=638344"},{"taxonomy":"post_tag","embeddable":true,"href":"https:\/\/www.europesays.com\/fr\/wp-json\/wp\/v2\/tags?post=638344"}],"curies":[{"name":"wp","href":"https:\/\/api.w.org\/{rel}","templated":true}]}}