{"id":638354,"date":"2026-01-03T13:22:09","date_gmt":"2026-01-03T13:22:09","guid":{"rendered":"https:\/\/www.europesays.com\/fr\/638354\/"},"modified":"2026-01-03T13:22:09","modified_gmt":"2026-01-03T13:22:09","slug":"un-si-grand-soleil-spoiler-charlotte-violee-par-sacha","status":"publish","type":"post","link":"https:\/\/www.europesays.com\/fr\/638354\/","title":{"rendered":"Un si grand soleil (spoiler)\u00a0: Charlotte viol\u00e9e par Sacha"},"content":{"rendered":"<p>\n\t\t\t\t\t\tPubli\u00e9 le 03\/01\/2026 \u00e0 11:55<\/p>\n<p>Charlotte est aux anges avec Sacha dans la suite de la s\u00e9rie <strong>Un si grand soleil<\/strong>. Dans le courant du mois de janvier 2026 sur France 3, elle est loin de se douter ce qui va lui arriver.<\/p>\n<p>Charlotte entretient une relation avec Sacha depuis quelques semaines dans les derniers \u00e9pisodes de la s\u00e9rie <a href=\"https:\/\/toutelatele.ouest-france.fr\/un-si-grand-soleil-1389\" target=\"_blank\" rel=\"noopener\"><strong> Un si grand soleil <\/strong><\/a>. Seulement, elle a gard\u00e9 cette idylle secr\u00e8te depuis quelque temps.<\/p>\n<p>Dans le courant du mois de janvier 2026 sur l\u2019antenne de <a href=\"https:\/\/toutelatele.ouest-france.fr\/france-3-012\" target=\"_blank\" rel=\"noopener\"><strong>France 3<\/strong><\/a> en avant-soir\u00e9e, la jeune adolescente est amen\u00e9e au lyc\u00e9e par son p\u00e8re Sohan, mais il voit qu\u2019elle est tr\u00e8s secr\u00e8te en ce moment\u00a0: elle ne dit absolument rien sur sa relation.<\/p>\n<p> Un si grand soleil\u00a0: Charlotte horrifi\u00e9e le visage de Sacha<\/p>\n<p>En parall\u00e8le, Charlotte ne dit plus rien \u00e0 ses parents, ce qui est plut\u00f4t inqui\u00e9tant. Elle va toutefois se confier davantage \u00e0 Salom\u00e9, une de ses amies. Elle lui annonce qu\u2019elle a fait l\u2019amour avec son amoureux et qu\u2019en plus, ils se sont film\u00e9s. Charlotte (<strong>Cl\u00e9mence Boeuf<\/strong>) sent qu\u2019elle peut se d\u00e9passer pour lui et cela lui fait du bien. De plus, Sacha lui offre quelques beaux cadeaux. \u00c0 la sortie du lyc\u00e9e, il lui offre un bracelet.<\/p>\n<p>Charlotte est aux anges. Mais comme une rose, elle est gorg\u00e9e d\u2019\u00e9pines. Car ce cadeau est empoisonn\u00e9. La jeune fille est chez Sacha (<strong>Arthur Beaudoire<\/strong>) et ils ont leur moment intime, mais Charlotte a envie de rentrer. Sacha la retient et lui montre qu\u2019il a envie d\u2019aller plus loin. Charlotte insiste sur le fait qu\u2019elle va \u00eatre en retard, mais le jeune homme, de dix ans son a\u00een\u00e9, hausse le ton et l\u2019insulte. \u00ab\u00a0Ferme-l\u00e0\u00a0\u00bb, dit-il.<\/p>\n<p> Un si grand soleil\u00a0: Sacha manipule Charlotte<\/p>\n<p>Le pire se produit alors pour la jeune adolescente, quelques jours avant le voyage scolaire avec Noura (<strong>Mariel-Louise Compain<\/strong>). Elle est viol\u00e9e par Sacha. Elle parvient \u00e0 sortir, mais elle est comme assomm\u00e9e, \u00e9tourdie par ce qu\u2019il vient de se passer. Elle prend le tram pour rentrer chez elle.<\/p>\n<p>Par la suite, cette sc\u00e8ne pourrait avoir de lourdes cons\u00e9quences dans les semaines \u00e0 venir. Va-t-elle \u00eatre manipul\u00e9e par un chantage \u00e0 la sextape et pouss\u00e9e \u00e0 mentir \u00e0 la police\u00a0? Va-t-elle tout dire \u00e0 Salom\u00e9 (<strong>Elina Michet<\/strong>) sur l\u2019horreur qu\u2019elle vient de subir quelques heures plus t\u00f4t\u00a0? Moult questions se posent pour Charlotte apr\u00e8s que le pire se soit produit.<\/p>\n<p><strong> Un si grand soleil<\/strong>\u00a0 est \u00e0 retrouver du lundi au vendredi \u00e0 20h45 sur l\u2019antenne de France 3.<\/p>\n","protected":false},"excerpt":{"rendered":"Publi\u00e9 le 03\/01\/2026 \u00e0 11:55 Charlotte est aux anges avec Sacha dans la suite de la s\u00e9rie Un&hellip;\n","protected":false},"author":2,"featured_media":638355,"comment_status":"","ping_status":"","sticky":false,"template":"","format":"standard","meta":{"footnotes":""},"categories":[1356],"tags":[58,59,1011,27,252,1364],"class_list":{"0":"post-638354","1":"post","2":"type-post","3":"status-publish","4":"format-standard","5":"has-post-thumbnail","7":"category-television","8":"tag-divertissement","9":"tag-entertainment","10":"tag-fr","11":"tag-france","12":"tag-television","13":"tag-tv"},"share_on_mastodon":{"url":"https:\/\/pubeurope.com\/@fr\/115831383323700814","error":""},"_links":{"self":[{"href":"https:\/\/www.europesays.com\/fr\/wp-json\/wp\/v2\/posts\/638354","targetHints":{"allow":["GET"]}}],"collection":[{"href":"https:\/\/www.europesays.com\/fr\/wp-json\/wp\/v2\/posts"}],"about":[{"href":"https:\/\/www.europesays.com\/fr\/wp-json\/wp\/v2\/types\/post"}],"author":[{"embeddable":true,"href":"https:\/\/www.europesays.com\/fr\/wp-json\/wp\/v2\/users\/2"}],"replies":[{"embeddable":true,"href":"https:\/\/www.europesays.com\/fr\/wp-json\/wp\/v2\/comments?post=638354"}],"version-history":[{"count":0,"href":"https:\/\/www.europesays.com\/fr\/wp-json\/wp\/v2\/posts\/638354\/revisions"}],"wp:featuredmedia":[{"embeddable":true,"href":"https:\/\/www.europesays.com\/fr\/wp-json\/wp\/v2\/media\/638355"}],"wp:attachment":[{"href":"https:\/\/www.europesays.com\/fr\/wp-json\/wp\/v2\/media?parent=638354"}],"wp:term":[{"taxonomy":"category","embeddable":true,"href":"https:\/\/www.europesays.com\/fr\/wp-json\/wp\/v2\/categories?post=638354"},{"taxonomy":"post_tag","embeddable":true,"href":"https:\/\/www.europesays.com\/fr\/wp-json\/wp\/v2\/tags?post=638354"}],"curies":[{"name":"wp","href":"https:\/\/api.w.org\/{rel}","templated":true}]}}