{"id":638356,"date":"2026-01-03T13:23:13","date_gmt":"2026-01-03T13:23:13","guid":{"rendered":"https:\/\/www.europesays.com\/fr\/638356\/"},"modified":"2026-01-03T13:23:13","modified_gmt":"2026-01-03T13:23:13","slug":"il-la-chantee-peu-de-temps-avant-de-partir-julie-zenatti-se-livre-sur-sa-chanson-pour-gregory-lemarchal-lucie-bernardoni-linterprete-dans-la-boite-a-secrets","status":"publish","type":"post","link":"https:\/\/www.europesays.com\/fr\/638356\/","title":{"rendered":"\u00ab\u00a0Il l&rsquo;a chant\u00e9e peu de temps avant de partir\u00a0\u00bb : Julie Zenatti se livre sur sa chanson pour Gr\u00e9gory Lemarchal, Lucie Bernardoni l&rsquo;interpr\u00e8te dans La bo\u00eete \u00e0 secrets"},"content":{"rendered":"<p>Julie Zenatti a v\u00e9cu un moment fort en \u00e9motions dans le nouveau num\u00e9ro de La bo\u00eete \u00e0 secrets diffus\u00e9 ce vendredi 2 janvier sur France 3, port\u00e9 par une musique qu&rsquo;elle avait \u00e9crite pour Gr\u00e9gory Lemarchal.<\/p>\n<p>Ce vendredi 2 janvier 2026, pour bien d\u00e9buter la nouvelle ann\u00e9e, France 3 a d\u00e9cid\u00e9 de<a href=\"https:\/\/www.programme-tv.net\/news\/tv\/390016-vous-etes-des-malades-arnaud-ducret-en-larmes-face-a-un-message-de-son-fils-oscar-dans-la-boite-a-secrets\/\" data-api-deeplink=\"teleloisirs:\/\/news\/390016\" target=\"_blank\" rel=\"noopener\"> prendre les t\u00e9l\u00e9spectateurs par les sentiments<\/a> avec un nouveau num\u00e9ro de La bo\u00eete \u00e0 secrets pr\u00e9sent\u00e9 par <a href=\"https:\/\/www.programme-tv.net\/biographie\/20677-bollaert-faustine\/\" data-link-people=\"6fb36e3c-14ee-4eeb-add6-6ddf02d372e1\" target=\"_blank\" rel=\"noopener\">Faustine Bollaert<\/a>, la \u00ab\u00a0<a href=\"https:\/\/www.programme-tv.net\/news\/tv\/368274-parfois-je-m-en-veux-theo-curin-tres-emu-face-aux-messages-de-ses-parents-et-sa-soeur-dans-la-boite-a-secrets\/\" data-api-deeplink=\"teleloisirs:\/\/news\/368274\" target=\"_blank\" rel=\"noopener\">madame \u00e9motion<\/a>\u00a0\u00bb du service public. Pour cette soir\u00e9e, trois c\u00e9l\u00e9brit\u00e9s fran\u00e7aises \u00e9taient convi\u00e9es \u00e0 se faire surprendre par des proches venus leur t\u00e9moigner leur amour. Le trio d&rsquo;invit\u00e9s \u00e9tait compos\u00e9 de la chanteuse Julie Zenatti, de son confr\u00e8re <a href=\"https:\/\/www.programme-tv.net\/biographie\/22395-clerc-julien\/\" data-link-people=\"ae476c35-a239-4d74-b6e6-85acd69dd9ef\" target=\"_blank\" rel=\"noopener\">Julien Clerc<\/a> et du com\u00e9dien <a href=\"https:\/\/www.programme-tv.net\/biographie\/249488-dulery-antoine\/\" data-link-people=\"32bde245-a25f-4b70-8e71-b5261d6825a0\" target=\"_blank\" rel=\"noopener\">Antoine Dul\u00e9ry<\/a>.<\/p>\n<p>Alors que c&rsquo;\u00e9tait \u00e0 son tour de recevoir ses messages, l&rsquo;ancienne membre de la troupe de Notre-Dame de Paris a d&rsquo;abord vu le visage du c\u00e9l\u00e8bre metteur en sc\u00e8ne <a href=\"https:\/\/www.programme-tv.net\/biographie\/20759-michalik-alexis\/\" data-link-people=\"d7615c32-0fe8-4a31-b8ff-f9c7c5021a5a\" target=\"_blank\" rel=\"noopener\">Alexis Michalik<\/a> s&rsquo;afficher. Meilleur ami de son mari et pr\u00e9sent \u00e0 son mariage, il lui a dit \u00e0 quel point il \u00e9tait fier d&rsquo;elle. Par la suite, Faustine Bollaert l&rsquo;a lanc\u00e9e sur la chanson Le lien qu&rsquo;elle a cr\u00e9\u00e9e pour l&rsquo;association Gr\u00e9gory Lemarchal. \u00ab\u00a0C&rsquo;est une chanson que j&rsquo;avais \u00e9crite avec mon comp\u00e8re Patrick Fiori et <b>Gr\u00e9gory a chant\u00e9 cette chanson tr\u00e8s peu de temps avant de partir<\/b> et aujourd&rsquo;hui elle fait partie des hymnes de l&rsquo;association et elle rapporte toujours des sous donc c&rsquo;est chouette\u00a0\u00bb, a expliqu\u00e9 la compositrice.<\/p>\n<p>                        Julie Zenatti surprise par deux membres de la Star Academy et des habitu\u00e9s de Danse avec les stars dans La bo\u00eete \u00e0 secrets<\/p>\n<p>C&rsquo;est alors que le visage de <a href=\"https:\/\/www.programme-tv.net\/biographie\/20185-fiori-patrick\/\" data-link-people=\"ffed3509-79ac-4a5a-8e29-6cd7151f71a1\" target=\"_blank\" rel=\"noopener\">Patrick Fiori<\/a> est apparu sur l&rsquo;\u00e9cran. Ce dernier a introduit la s\u00e9quence suivante : \u00ab\u00a0Une surprise se pr\u00e9pare, une surprise qui va te faire plaisir. Une chanson qui va \u00eatre reprise par des gens merveilleux. Je te laisse d\u00e9couvrir \u00e7a.\u00a0\u00bb Quand la bo\u00eete s&rsquo;est ouverte, Lucie Bernardoni, finaliste de la saison de la 4e saison de la Star Academy face \u00e0 Gr\u00e9gory, a commenc\u00e9 \u00e0 chanter Le lien avant d&rsquo;\u00eatre rejointe par une coll\u00e8gue au ch\u00e2teau et \u00e9galement ancienne <a href=\"https:\/\/www.programme-tv.net\/news\/tv\/394839-j-avais-besoin-et-envie-quelle-existe-lucie-bernardoni-star-academy-annonce-une-tres-bonne-nouvelle-a-ses-fans\/\" data-api-deeplink=\"teleloisirs:\/\/news\/394839\" target=\"_blank\" rel=\"noopener\">camarade de promotion<\/a> de Gr\u00e9gory Lemarchal, Karima Charni. Les deux femmes ont ensuite vu<b> <\/b><a href=\"https:\/\/www.programme-tv.net\/biographie\/439802-vandamme-ines\/\" data-link-people=\"ca1bf2fe-06be-4cda-bb63-53283df80d8e\" target=\"_blank\" rel=\"noopener\">In\u00e8s Vandamme<\/a>, <a href=\"https:\/\/www.programme-tv.net\/biographie\/275618-licata-christophe\/\" data-link-people=\"0753720e-6dfe-460b-aa05-d9e1afcdc728\" target=\"_blank\" rel=\"noopener\">Christophe Licata<\/a>, <a href=\"https:\/\/www.programme-tv.net\/biographie\/907190-adrien-caby\/\" data-link-people=\"23a34234-a773-4efe-8c47-099cb22a8459\" target=\"_blank\" rel=\"noopener\">Adrien Caby<\/a> et Mayane, qui ont partag\u00e9 la derni\u00e8re saison de <a href=\"https:\/\/www.programme-tv.net\/news\/tv\/380877-j-etais-vraiment-tres-paniquee-julie-zenatti-revele-avoir-voulu-quitter-danse-avec-les-stars-a-plusieurs-reprises\/\" data-api-deeplink=\"teleloisirs:\/\/news\/380877\" target=\"_blank\" rel=\"noopener\">Danse avec les stars avec la chanteuse<\/a>, d\u00e9barquer.<\/p>\n<p>Enfin, toute cette jolie troupe a \u00e9t\u00e9 rejointe par Pierre Lemarchal devant une Julie Zenatti les larmes aux yeux. Le p\u00e8re du regrett\u00e9 chanteur a tenu \u00e0 la remercier une fois la prestation termin\u00e9e. \u00ab\u00a0\u00c0 chaque fois qu&rsquo;on a fait appel \u00e0 toi pour l&rsquo;association tu \u00e9tais l\u00e0. Je te remercie vraiment de toujours nous dire &lsquo;oui je suis l\u00e0&rsquo;.\u00a0\u00bb Un moment suspendu qui a sans doute \u00e9mu un bon nombre de t\u00e9l\u00e9spectateurs devant leur \u00e9cran.<\/p>\n","protected":false},"excerpt":{"rendered":"Julie Zenatti a v\u00e9cu un moment fort en \u00e9motions dans le nouveau num\u00e9ro de La bo\u00eete \u00e0 secrets&hellip;\n","protected":false},"author":2,"featured_media":638357,"comment_status":"","ping_status":"","sticky":false,"template":"","format":"standard","meta":{"footnotes":""},"categories":[1355],"tags":[244,58,59,1011,27,876,60256,9950,59698,74563,9052,1361,873],"class_list":{"0":"post-638356","1":"post","2":"type-post","3":"status-publish","4":"format-standard","5":"has-post-thumbnail","7":"category-musique","8":"tag-commentaire","9":"tag-divertissement","10":"tag-entertainment","11":"tag-fr","12":"tag-france","13":"tag-france-3","14":"tag-gregory-lemarchal","15":"tag-julie-zenatti","16":"tag-karima-charni","17":"tag-la-bou00eete-u00e0-secrets","18":"tag-lucie-bernardoni","19":"tag-music","20":"tag-musique"},"share_on_mastodon":{"url":"https:\/\/pubeurope.com\/@fr\/115831387300356111","error":""},"_links":{"self":[{"href":"https:\/\/www.europesays.com\/fr\/wp-json\/wp\/v2\/posts\/638356","targetHints":{"allow":["GET"]}}],"collection":[{"href":"https:\/\/www.europesays.com\/fr\/wp-json\/wp\/v2\/posts"}],"about":[{"href":"https:\/\/www.europesays.com\/fr\/wp-json\/wp\/v2\/types\/post"}],"author":[{"embeddable":true,"href":"https:\/\/www.europesays.com\/fr\/wp-json\/wp\/v2\/users\/2"}],"replies":[{"embeddable":true,"href":"https:\/\/www.europesays.com\/fr\/wp-json\/wp\/v2\/comments?post=638356"}],"version-history":[{"count":0,"href":"https:\/\/www.europesays.com\/fr\/wp-json\/wp\/v2\/posts\/638356\/revisions"}],"wp:featuredmedia":[{"embeddable":true,"href":"https:\/\/www.europesays.com\/fr\/wp-json\/wp\/v2\/media\/638357"}],"wp:attachment":[{"href":"https:\/\/www.europesays.com\/fr\/wp-json\/wp\/v2\/media?parent=638356"}],"wp:term":[{"taxonomy":"category","embeddable":true,"href":"https:\/\/www.europesays.com\/fr\/wp-json\/wp\/v2\/categories?post=638356"},{"taxonomy":"post_tag","embeddable":true,"href":"https:\/\/www.europesays.com\/fr\/wp-json\/wp\/v2\/tags?post=638356"}],"curies":[{"name":"wp","href":"https:\/\/api.w.org\/{rel}","templated":true}]}}