{"id":63836,"date":"2025-04-30T07:45:10","date_gmt":"2025-04-30T07:45:10","guid":{"rendered":"https:\/\/www.europesays.com\/fr\/63836\/"},"modified":"2025-04-30T07:45:10","modified_gmt":"2025-04-30T07:45:10","slug":"la-porsche-911-spirit-70-soffre-une-vitrine-via-apple-vision-pro","status":"publish","type":"post","link":"https:\/\/www.europesays.com\/fr\/63836\/","title":{"rendered":"La Porsche 911 Spirit 70 s\u2019offre une vitrine via Apple Vision Pro"},"content":{"rendered":"<p><strong>Porsche entre dans l\u2019\u00e8re de la r\u00e9alit\u00e9 mixte avec <a href=\"https:\/\/www.realite-virtuelle.com\/casque-apple-vision-pro-2-une-sortie-avant-avril-2026\/\" target=\"_blank\" rel=\"noreferrer noopener\">une exp\u00e9rience unique sur Apple Vision Pro<\/a>. Personnalisez votre 911 Spirit 70 en explorant chaque d\u00e9tail d\u2019un mod\u00e8le iconique limit\u00e9 \u00e0 seulement 1500 exemplaires.<\/strong><\/p>\n<p>Porsche d\u00e9voile une initiative originale pour c\u00e9l\u00e9brer son h\u00e9ritage tout en utilisant les nouvelles technologies. <strong>La Porsche 911 Spirit 70<\/strong>, \u00e9dition sp\u00e9ciale, rend hommage \u00e0 l\u2019esprit dynamique des ann\u00e9es 1970 dans une carrosserie contemporaine.<\/p>\n<p>Limit\u00e9e<strong> \u00e0 seulement 1 500 exemplaires<\/strong>, elle ambitionne de combiner prestige, nostalgie et modernit\u00e9. L\u2019entreprise d\u00e9crit ce mod\u00e8le comme \u00ab capturant l\u2019esprit des ann\u00e9es 1970 dans une 911 contemporaine \u00bb. Avec <strong>un prix de d\u00e9part fix\u00e9 \u00e0 250 000 dollars<\/strong>, elle cible une client\u00e8le passionn\u00e9e et privil\u00e9gi\u00e9e.<\/p>\n<p>Pour s\u00e9duire les acheteurs potentiels, Porsche propose <strong>une exp\u00e9rience de personnalisation via <a href=\"https:\/\/www.realite-virtuelle.com\/tag\/apple\/\" class=\"st_tag internal_tag \" rel=\"tag noopener\" title=\"Publications \u00e9tiquet\u00e9es avec Apple\" target=\"_blank\">Apple<\/a> <a href=\"https:\/\/www.realite-virtuelle.com\/tag\/vision-pro\/\" class=\"st_tag internal_tag \" rel=\"tag noopener\" title=\"Publications \u00e9tiquet\u00e9es avec Vision Pro\" target=\"_blank\">Vision Pro<\/a><\/strong>. Gr\u00e2ce \u00e0 cette application, les utilisateurs peuvent configurer l\u2019apparence ext\u00e9rieure et int\u00e9rieure de leur 911 Spirit 70. <strong>La voiture virtuelle<\/strong> s\u2019affiche \u00e0 une \u00e9chelle proche de la taille r\u00e9elle, bien qu\u2019elle ne soit pas ajustable. <\/p>\n<p>Cette caract\u00e9ristique provoque parfois un effet de conflit de profondeur courant dans les exp\u00e9riences en r\u00e9alit\u00e9 mixte. \u00ab Si vous pouvez vous offrir la voiture, vous avez probablement la pi\u00e8ce pour l\u2019afficher \u00bb, plaisante un testeur.<\/p>\n<p>\t       <img loading=\"lazy\" decoding=\"async\" data-perfmatters-preload=\"\" src=\"https:\/\/www.europesays.com\/fr\/wp-content\/uploads\/2025\/04\/1745999110_75_hqdefault.jpg\" alt=\"YouTube video\" width=\"480\" height=\"360\" data-pin-nopin=\"true\" nopin=\"nopin\"\/><\/p>\n<p>Une interaction limit\u00e9e mais soign\u00e9e avec le v\u00e9hicule virtuel<\/p>\n<p>Malgr\u00e9 une mod\u00e9lisation fid\u00e8le, <strong>quelques restrictions subsistent <\/strong>dans <a href=\"https:\/\/www.realite-virtuelle.com\/test-assetto-corsa-vr-un-simulateur-de-course-qui-en-vaut-la-peine\/\" target=\"_blank\" rel=\"noreferrer noopener\">l\u2019interaction avec la voiture virtuelle<\/a>. Impossible de passer la t\u00eate par la fen\u00eatre ou d\u2019inspecter l\u2019int\u00e9rieur de tr\u00e8s pr\u00e8s, <strong>sous peine d\u2019un message d\u2019erreur.<\/strong> \u00ab Oups, c\u2019est trop pr\u00e8s \u00bb, affiche l\u2019application lorsqu\u2019on tente d\u2019approcher de mani\u00e8re trop intrusive.<\/p>\n<p>Cette limitation surprend, car un mode permettant de <strong><a href=\"https:\/\/www.realite-virtuelle.com\/deep-reality-display-tesla-modele-3\/\" target=\"_blank\" rel=\"noreferrer noopener\">s\u2019asseoir virtuellement dans le v\u00e9hicule<\/a><\/strong> aurait \u00e9t\u00e9 appr\u00e9ci\u00e9. N\u00e9anmoins, l\u2019exp\u00e9rience conserve un niveau de r\u00e9alisme impressionnant qui suscite l\u2019admiration des passionn\u00e9s.<\/p>\n<p>L\u2019application ne se limite pas \u00e0 une simple configuration visuelle de la voiture. Elle int\u00e8gre \u00e9galement <strong>des vid\u00e9os explicatives<\/strong>, o\u00f9 les designers de la Porsche 911 Spirit 70 partagent leurs inspirations. Ces t\u00e9moignages, diffus\u00e9s pendant la personnalisation, peuvent \u00eatre ignor\u00e9s apr\u00e8s quelques secondes si l\u2019utilisateur le souhaite.<\/p>\n<p>Cette approche donne <strong>une dimension plus humaine et \u00e9motionnelle<\/strong> au processus d\u2019achat, m\u00eame \u00e0 distance. Porsche r\u00e9ussit ainsi \u00e0 tisser un lien entre l\u2019histoire du mod\u00e8le et l\u2019exp\u00e9rience de personnalisation.<\/p>\n<p>\t       <img loading=\"lazy\" decoding=\"async\" alt=\"YouTube video\" width=\"480\" height=\"360\" data-pin-nopin=\"true\" nopin=\"nopin\" class=\"perfmatters-lazy\" src=\"https:\/\/www.europesays.com\/fr\/wp-content\/uploads\/2025\/04\/1745999110_614_hqdefault.jpg\"\/><\/p>\n<p>Commander sa 911 Spirit 70 en quelques gestes<\/p>\n<p>Une fois la configuration finalis\u00e9e, deux options s\u2019offrent \u00e0 l\u2019utilisateur. Il peut transmettre ses choix \u00e0 un site Web via Safari, ou <strong>les enregistrer dans son Apple Wallet<\/strong>. Cette carte num\u00e9rique peut ensuite \u00eatre pr\u00e9sent\u00e9e dans un centre Porsche pour<strong> finaliser l\u2019achat du v\u00e9hicule<\/strong>. <\/p>\n<p>M\u00eame si peu de clients finaliseront l\u2019acquisition directement via Apple Vision Pro, l\u2019exemple est parlant. Porsche illustre comment <strong>la r\u00e9alit\u00e9 mixte pourrait transformer les m\u00e9thodes de vente<\/strong> de produits physiques prestigieux.<\/p>\n<ul class=\"end-post-layout\">Partager l&rsquo;article : <\/p>\n<li class=\"social-link\">\n\t\t  <a href=\"http:\/\/www.facebook.com\/sharer.php?u=https:\/\/www.realite-virtuelle.com\/la-porsche-911-spirit-70-soffre-une-vitrine-via-apple-vision-pro\/\" class=\"social-link-anchor facebook\" target=\"_blank\" rel=\"noopener\"><\/p>\n<p>\t\t\t Facebook<br \/>\n\t\t  <\/a>\n\t   <\/li>\n<li class=\"social-link\">\n\t\t  <a href=\"https:\/\/twitter.com\/share?url=https:\/\/www.realite-virtuelle.com\/la-porsche-911-spirit-70-soffre-une-vitrine-via-apple-vision-pro\/&amp;text=La Porsche 911 Spirit 70 s\u2019offre une vitrine via Apple Vision Pro\" class=\"social-link-anchor twitter\" target=\"_blank\" rel=\"noopener\"><\/p>\n<p>\t\t\t Twitter<br \/>\n\t\t  <\/a>\n\t   <\/li>\n<li class=\"social-link\">\n\t\t  <a href=\"http:\/\/www.linkedin.com\/sharing\/share-offsite\/?url=https:\/\/www.realite-virtuelle.com\/la-porsche-911-spirit-70-soffre-une-vitrine-via-apple-vision-pro\/\" class=\"social-link-anchor linkedin\" target=\"_blank\" rel=\"noopener\"><\/p>\n<p>\t\t\t LinkedIn<br \/>\n\t\t  <\/a>\n\t   <\/li>\n<\/ul>\n<p>Notre blog est aliment\u00e9 par les lecteurs. Lorsque vous achetez via des liens sur notre site, nous pouvons percevoir une commission d\u2019affiliation.<\/p>\n<p><script async src=\"https:\/\/platform.twitter.com\/widgets.js\" charset=\"utf-8\"><\/script><\/p>\n","protected":false},"excerpt":{"rendered":"Porsche entre dans l\u2019\u00e8re de la r\u00e9alit\u00e9 mixte avec une exp\u00e9rience unique sur Apple Vision Pro. Personnalisez votre&hellip;\n","protected":false},"author":2,"featured_media":63837,"comment_status":"","ping_status":"","sticky":false,"template":"","format":"standard","meta":{"footnotes":""},"categories":[7],"tags":[733,1011,27,43,40,41,39,42,44,16261],"class_list":{"0":"post-63836","1":"post","2":"type-post","3":"status-publish","4":"format-standard","5":"has-post-thumbnail","7":"category-sciences-et-technologies","8":"tag-apple","9":"tag-fr","10":"tag-france","11":"tag-science","12":"tag-science-and-technology","13":"tag-sciences","14":"tag-sciences-et-technologies","15":"tag-technologies","16":"tag-technology","17":"tag-vision-pro"},"share_on_mastodon":{"url":"https:\/\/pubeurope.com\/@fr\/114425805173836435","error":""},"_links":{"self":[{"href":"https:\/\/www.europesays.com\/fr\/wp-json\/wp\/v2\/posts\/63836","targetHints":{"allow":["GET"]}}],"collection":[{"href":"https:\/\/www.europesays.com\/fr\/wp-json\/wp\/v2\/posts"}],"about":[{"href":"https:\/\/www.europesays.com\/fr\/wp-json\/wp\/v2\/types\/post"}],"author":[{"embeddable":true,"href":"https:\/\/www.europesays.com\/fr\/wp-json\/wp\/v2\/users\/2"}],"replies":[{"embeddable":true,"href":"https:\/\/www.europesays.com\/fr\/wp-json\/wp\/v2\/comments?post=63836"}],"version-history":[{"count":0,"href":"https:\/\/www.europesays.com\/fr\/wp-json\/wp\/v2\/posts\/63836\/revisions"}],"wp:featuredmedia":[{"embeddable":true,"href":"https:\/\/www.europesays.com\/fr\/wp-json\/wp\/v2\/media\/63837"}],"wp:attachment":[{"href":"https:\/\/www.europesays.com\/fr\/wp-json\/wp\/v2\/media?parent=63836"}],"wp:term":[{"taxonomy":"category","embeddable":true,"href":"https:\/\/www.europesays.com\/fr\/wp-json\/wp\/v2\/categories?post=63836"},{"taxonomy":"post_tag","embeddable":true,"href":"https:\/\/www.europesays.com\/fr\/wp-json\/wp\/v2\/tags?post=63836"}],"curies":[{"name":"wp","href":"https:\/\/api.w.org\/{rel}","templated":true}]}}