{"id":638369,"date":"2026-01-03T13:30:11","date_gmt":"2026-01-03T13:30:11","guid":{"rendered":"https:\/\/www.europesays.com\/fr\/638369\/"},"modified":"2026-01-03T13:30:11","modified_gmt":"2026-01-03T13:30:11","slug":"les-emeutiers-doivent-etre-remis-a-leur-place-meme-si-leurs-revendications-sont-justes-affirme-khamenei","status":"publish","type":"post","link":"https:\/\/www.europesays.com\/fr\/638369\/","title":{"rendered":"les \u00ab\u00e9meutiers doivent \u00eatre remis \u00e0 leur place\u00bb m\u00eame si leurs revendications sont \u00abjustes\u00bb, affirme Khamenei"},"content":{"rendered":"<p>\n    \u00abLes autorit\u00e9s du pays le reconnaissent, le pr\u00e9sident et d\u2019autres responsables de haut rang s\u2019efforcent de r\u00e9soudre ce probl\u00e8me\u00bb, a d\u00e9clar\u00e9 Ali Khamenei en r\u00e9f\u00e9rence aux difficult\u00e9s \u00e9conomiques.<\/p>\n<p class=\"fig-paragraph\">Le guide supr\u00eame iranien, l&rsquo;ayatollah\u00a0<a href=\"http:\/\/www.lefigaro.fr\/international\/iran-le-guide-supreme-ali-khamenei-affirme-qu-israel-a-voulu-renverser-la-republique-islamique-par-la-guerre-20250716\" data-fig-type=\"NewsFlash\" data-gtm-custom-categorie=\"navigation\" data-gtm-custom-action=\"crossclick\" data-gtm-custom-label=\"Contextuel\" data-gtm-event=\"customEventSPE\" data-fig-domain=\"LEFIGARO\" target=\"_blank\" rel=\"noopener\">Ali Khamenei<\/a>, a estim\u00e9 samedi \u00abjustes\u00bb les revendications \u00e9conomiques des manifestants en Iran, mais ajout\u00e9 que les \u00ab\u00e9meutiers\u00bb devaient \u00eatre \u00abremis \u00e0 leur place\u00bb, au septi\u00e8me jour d&rsquo;un mouvement de contestation.<\/p>\n<p class=\"fig-paragraph\">\u00abLes autorit\u00e9s du pays le reconnaissent, le pr\u00e9sident et d&rsquo;autres responsables de haut rang s&rsquo;efforcent de r\u00e9soudre ce probl\u00e8me\u00bb, a d\u00e9clar\u00e9 Ali Khamenei en r\u00e9f\u00e9rence aux difficult\u00e9s \u00e9conomiques. \u00abC&rsquo;est pourquoi les commer\u00e7ants ont protest\u00e9 contre cette situation, et c&rsquo;est tout \u00e0 fait juste\u00bb, a-t-il ajout\u00e9 devant des fid\u00e8les \u00e0\u00a0<a href=\"http:\/\/www.lefigaro.fr\/international\/qu-il-prenne-garde-a-ses-soldats-teheran-previent-donald-trump-en-cas-d-intervention-americaine-pour-les-manifestations-en-iran-20260102\" data-fig-type=\"NewsFlash\" data-gtm-custom-categorie=\"navigation\" data-gtm-custom-action=\"crossclick\" data-gtm-custom-label=\"Contextuel\" data-gtm-event=\"customEventSPE\" data-fig-domain=\"LEFIGARO\" target=\"_blank\" rel=\"noopener\">T\u00e9h\u00e9ran<\/a>, \u00e0 l&rsquo;occasion d&rsquo;une f\u00eate chiite.<\/p>\n<p>                                            <a class=\"fig-a11y-skip\" href=\"#fig-a11y-skip-main-inarticle\" data-module=\"a11y-skip\" data-context=\"was @visible\"><br \/>\n    Passer la publicit\u00e9<br \/>\n<\/a>            <\/p>\n<p class=\"fig-paragraph\">\u00abNous dialoguons avec les manifestants (&#8230;) mais il est inutile de dialoguer avec les \u00e9meutiers. Ces derniers doivent \u00eatre remis \u00e0 leur place\u00bb, a toutefois affirm\u00e9 le guide supr\u00eame. Depuis le d\u00e9but des protestations, le pouvoir joue \u00e0 la fois sur l\u2019apaisement, reconnaissant des \u00abrevendications l\u00e9gitimes\u00bb li\u00e9es aux difficult\u00e9s \u00e9conomiques, et sur la fermet\u00e9 face \u00e0 toute tentative de d\u00e9stabilisation.<\/p>\n<p class=\"fig-body-link\">\n            \u00c0 lire aussi<br \/>\n        <a class=\"fig-body-link__link fig-premium-mark\" href=\"http:\/\/www.lefigaro.fr\/international\/mort-a-khamenei-longue-vie-au-chah-en-iran-la-vague-de-manifestations-se-repand-et-prend-une-tournure-politique-20260102\" target=\"_blank\" data-fig-type=\"Article\" rel=\"noopener\" data-gtm-custom-categorie=\"navigation\" data-gtm-custom-action=\"crossclick\" data-gtm-custom-label=\"Contextuel\" data-gtm-event=\"customEventSPE\" data-fig-domain=\"LEFIGARO\"><\/p>\n<p>        \u00abMort \u00e0 Khamenei\u00a0!\u00bb, \u00abLongue vie au chah\u00a0!\u00bb\u00a0: en Iran, la vague de manifestations se r\u00e9pand et prend une tournure politique<br \/>\n    <\/a>\n<\/p>\n<p>                                            Hyperinflation et marasme \u00e9conomique<\/p>\n<p class=\"fig-paragraph\">Le mouvement, initialement li\u00e9 au co\u00fbt de la vie, est parti le 28 d\u00e9cembre de T\u00e9h\u00e9ran, o\u00f9 des commer\u00e7ants ont ferm\u00e9 boutique pour protester contre l\u2019hyperinflation et le marasme \u00e9conomique, et s\u2019est depuis \u00e9largi \u00e0 des revendications politiques. Au moins huit personnes ont \u00e9t\u00e9 tu\u00e9es depuis mercredi lors d\u2019affrontements, dont des membres des forces de s\u00e9curit\u00e9, selon un bilan officiel.<\/p>\n<p class=\"fig-paragraph\">La contestation touche ou a touch\u00e9, \u00e0 des degr\u00e9s divers, au moins 25 villes diff\u00e9rentes, selon un comptage de l\u2019AFP bas\u00e9 sur les annonces officielles et des m\u00e9dias. Essentiellement de taille moyenne, ces villes sont situ\u00e9es dans l\u2019ouest et le sud-ouest de l\u2019Iran o\u00f9 des d\u00e9gradations et des affrontements ont \u00e9t\u00e9 rapport\u00e9s.<\/p>\n<p>                                            Un homme tu\u00e9 \u00e0 Qom<\/p>\n<p class=\"fig-paragraph\">\u00c0 Darehshahr, dans l\u2019ouest de l\u2019Iran, environ 300 personnes ont lanc\u00e9 des cocktails Molotov, bloqu\u00e9 des rues et \u00abexhib\u00e9 des kalachnikovs\u00bb vendredi, a rapport\u00e9 l\u2019agence de presse Fars. Selon l\u2019agence Tasnim, qui cite un responsable local, un homme a par ailleurs \u00e9t\u00e9 tu\u00e9 vendredi dans la ville sainte de Qom, au sud de T\u00e9h\u00e9ran, par l\u2019explosion \u00abdans ses mains\u00bb d\u2019une grenade qu\u2019il comptait utiliser.<\/p>\n<p class=\"fig-paragraph\">Les autorit\u00e9s et les m\u00e9dias iraniens ne communiquent pas n\u00e9cessairement et en d\u00e9tail sur tous les incidents, ce qui complique l\u2019appr\u00e9ciation des \u00e9v\u00e9nements. Des vid\u00e9os sur la mobilisation inondent les r\u00e9seaux sociaux, mais toutes ne peuvent pas \u00eatre authentifi\u00e9es.<\/p>\n<p>                                            <a class=\"fig-a11y-skip\" href=\"#fig-a11y-skip-main-inarticle_mtf\" data-module=\"a11y-skip\" data-context=\"was @visible\"><br \/>\n    Passer la publicit\u00e9<br \/>\n<\/a>            <\/p>\n<p class=\"fig-paragraph\">Ces protestations sont toutefois de moindre ampleur que celles qui avaient secou\u00e9 l\u2019Iran fin 2022 apr\u00e8s la mort en d\u00e9tention de<a href=\"https:\/\/www.lefigaro.fr\/international\/en-iran-la-double-peine-des-parents-de-jina-mahsa-amini-20231210\" data-fig-type=\"Article\" data-gtm-custom-categorie=\"navigation\" data-gtm-custom-action=\"crossclick\" data-gtm-custom-label=\"Contextuel\" data-gtm-event=\"customEventSPE\" data-fig-domain=\"LEFIGARO\" target=\"_blank\" rel=\"noopener\">\u00a0Mahsa Amini<\/a>, une jeune femme arr\u00eat\u00e9e par la police des m\u0153urs pour avoir enfreint le strict code vestimentaire f\u00e9minin.<\/p>\n<p class=\"fig-paragraph\">En 2019, des manifestations avaient aussi \u00e9clat\u00e9 apr\u00e8s l\u2019annonce d\u2019une envol\u00e9e du prix de l\u2019essence. La contestation avait alors touch\u00e9 une centaine de villes, notamment T\u00e9h\u00e9ran, et fait des dizaines de morts.<\/p>\n","protected":false},"excerpt":{"rendered":"\u00abLes autorit\u00e9s du pays le reconnaissent, le pr\u00e9sident et d\u2019autres responsables de haut rang s\u2019efforcent de r\u00e9soudre ce&hellip;\n","protected":false},"author":2,"featured_media":638370,"comment_status":"","ping_status":"","sticky":false,"template":"","format":"standard","meta":{"footnotes":""},"categories":[5],"tags":[11,22405,1011,27,14,3019,12,28],"class_list":{"0":"post-638369","1":"post","2":"type-post","3":"status-publish","4":"format-standard","5":"has-post-thumbnail","7":"category-international","8":"tag-actualites","9":"tag-ali-khamenei","10":"tag-fr","11":"tag-france","12":"tag-international","13":"tag-iran","14":"tag-news","15":"tag-world"},"share_on_mastodon":{"url":"https:\/\/pubeurope.com\/@fr\/115831414751730443","error":""},"_links":{"self":[{"href":"https:\/\/www.europesays.com\/fr\/wp-json\/wp\/v2\/posts\/638369","targetHints":{"allow":["GET"]}}],"collection":[{"href":"https:\/\/www.europesays.com\/fr\/wp-json\/wp\/v2\/posts"}],"about":[{"href":"https:\/\/www.europesays.com\/fr\/wp-json\/wp\/v2\/types\/post"}],"author":[{"embeddable":true,"href":"https:\/\/www.europesays.com\/fr\/wp-json\/wp\/v2\/users\/2"}],"replies":[{"embeddable":true,"href":"https:\/\/www.europesays.com\/fr\/wp-json\/wp\/v2\/comments?post=638369"}],"version-history":[{"count":0,"href":"https:\/\/www.europesays.com\/fr\/wp-json\/wp\/v2\/posts\/638369\/revisions"}],"wp:featuredmedia":[{"embeddable":true,"href":"https:\/\/www.europesays.com\/fr\/wp-json\/wp\/v2\/media\/638370"}],"wp:attachment":[{"href":"https:\/\/www.europesays.com\/fr\/wp-json\/wp\/v2\/media?parent=638369"}],"wp:term":[{"taxonomy":"category","embeddable":true,"href":"https:\/\/www.europesays.com\/fr\/wp-json\/wp\/v2\/categories?post=638369"},{"taxonomy":"post_tag","embeddable":true,"href":"https:\/\/www.europesays.com\/fr\/wp-json\/wp\/v2\/tags?post=638369"}],"curies":[{"name":"wp","href":"https:\/\/api.w.org\/{rel}","templated":true}]}}