{"id":638371,"date":"2026-01-03T13:31:12","date_gmt":"2026-01-03T13:31:12","guid":{"rendered":"https:\/\/www.europesays.com\/fr\/638371\/"},"modified":"2026-01-03T13:31:12","modified_gmt":"2026-01-03T13:31:12","slug":"a-saint-malo-un-premier-bain-de-lannee-solidaire-a-la-plage-de-la-hoquette","status":"publish","type":"post","link":"https:\/\/www.europesays.com\/fr\/638371\/","title":{"rendered":"\u00c0 Saint-Malo, un premier bain de l\u2019ann\u00e9e solidaire \u00e0 la plage de La Hoquette"},"content":{"rendered":"<p>Plus de 80 personnes se sont retrouv\u00e9es, jeudi 1er janvier 2026, sur la plage de La Hoguette, \u00e0 Saint-Malo, pour participer \u00e0 un premier bain solidaire. Intitul\u00e9 \u00ab Les pieds dans l\u2019eau \u00bb, ce d\u00e9fi \u00e0 la fois individuel et collectif \u00e9tait organis\u00e9 par la fondation Les Amis de l\u2019\u00e9cole Port Reitz.<\/p>\n<p><img decoding=\"async\" src=\"https:\/\/www.europesays.com\/fr\/wp-content\/uploads\/2026\/01\/6957c375399fced16d083d0c.1.jpeg\" width=\"480\" height=\"300\" class=\"web_golden_m\" loading=\"lazy\" alt=\"A gauche, Wendy Baardman a lanc\u00e9 il y a quelques ann\u00e9es, la fondation &quot;Les Amis de l'\u00e9cole Port Reitz&quot;. A ses c\u00f4t\u00e9s, Georgette, son amie et ambassadrice de la fondation.\"\/>A gauche, Wendy Baardman a lanc\u00e9 il y a quelques ann\u00e9es, la fondation \u00ab\u00a0Les Amis de l&rsquo;\u00e9cole Port Reitz\u00a0\u00bb. A ses c\u00f4t\u00e9s, Georgette, son amie et ambassadrice de la fondation. (Virginie LIZION)Pour une \u00e9cole au Kenya<\/p>\n<p>\u00c0 l\u2019origine de cette initiative, <a href=\"https:\/\/www.letelegramme.fr\/ille-et-vilaine\/saint-malo-35400\/spandefispan-amputee-dune-jambe-wendy-se-prepare-a-gravir-le-kilimandjaro-3230462.php\" target=\"_blank\" rel=\"noopener\">Wendy Baardman<\/a>, bien connue des Malouins pour ses engagements solidaires et ses ascensions r\u00e9p\u00e9t\u00e9es du Kilimandjaro. Dans quelques semaines, elle se pr\u00e9pare d\u2019ailleurs \u00e0 gravir de nouveau cette montagne tanzanienne. Amput\u00e9e d\u2019une jambe \u00e0 la suite d\u2019une erreur m\u00e9dicale en 1999, elle porte une proth\u00e8se depuis 2016, apr\u00e8s avoir pass\u00e9 quinze ans en fauteuil roulant.<\/p>\n<p>Lors d\u2019un voyage au Kenya, elle d\u00e9couvre l\u2019\u00e9cole de Port Reitz, situ\u00e9e \u00e0 Mombasa, qui accueille plus de 520 \u00e9l\u00e8ves en situation de handicap et de grande pr\u00e9carit\u00e9 sociale. \u00ab J\u2019y ai aussi d\u00e9couvert la reconstruction par le sport et l\u2019entraide \u00bb, confie-t-elle.<\/p>\n<p>2 000 \u20ac r\u00e9colt\u00e9s<\/p>\n<p>Pour r\u00e9colter des fonds pour cette \u00e9cole, la fondation propose ce d\u00e9fi depuis plusieurs ann\u00e9es. \u00ab La premi\u00e8re fois, c\u2019\u00e9tait avant la pand\u00e9mie, on \u00e9tait seulement moins d\u2019une dizaine d\u2019amis. Puis j\u2019ai trouv\u00e9 un m\u00e9c\u00e8ne pour financer des tee-shirts \u00bb, raconte Wendy Baardman.<\/p>\n<p>L\u2019objectif : r\u00e9colter des fonds afin de contribuer au financement des repas quotidiens des \u00e9l\u00e8ves de l\u2019\u00e9cole Port Reitz. Pour chaque baigneur portant un tee-shirt, un m\u00e9c\u00e8ne s\u2019\u00e9tait engag\u00e9 \u00e0 verser 25 \u20ac \u00e0 la fondation. Les 80 maillots pr\u00e9vus ont tous trouv\u00e9 preneur, permettant de r\u00e9colter un total de 2 000 \u20ac.<\/p>\n","protected":false},"excerpt":{"rendered":"Plus de 80 personnes se sont retrouv\u00e9es, jeudi 1er janvier 2026, sur la plage de La Hoguette, \u00e0&hellip;\n","protected":false},"author":2,"featured_media":638372,"comment_status":"","ping_status":"","sticky":false,"template":"","format":"standard","meta":{"footnotes":""},"categories":[4],"tags":[11,1011,27,12,25,3728],"class_list":{"0":"post-638371","1":"post","2":"type-post","3":"status-publish","4":"format-standard","5":"has-post-thumbnail","7":"category-france","8":"tag-actualites","9":"tag-fr","10":"tag-france","11":"tag-news","12":"tag-republique-francaise","13":"tag-saint-malo"},"share_on_mastodon":{"url":"https:\/\/pubeurope.com\/@fr\/115831418678171739","error":""},"_links":{"self":[{"href":"https:\/\/www.europesays.com\/fr\/wp-json\/wp\/v2\/posts\/638371","targetHints":{"allow":["GET"]}}],"collection":[{"href":"https:\/\/www.europesays.com\/fr\/wp-json\/wp\/v2\/posts"}],"about":[{"href":"https:\/\/www.europesays.com\/fr\/wp-json\/wp\/v2\/types\/post"}],"author":[{"embeddable":true,"href":"https:\/\/www.europesays.com\/fr\/wp-json\/wp\/v2\/users\/2"}],"replies":[{"embeddable":true,"href":"https:\/\/www.europesays.com\/fr\/wp-json\/wp\/v2\/comments?post=638371"}],"version-history":[{"count":0,"href":"https:\/\/www.europesays.com\/fr\/wp-json\/wp\/v2\/posts\/638371\/revisions"}],"wp:featuredmedia":[{"embeddable":true,"href":"https:\/\/www.europesays.com\/fr\/wp-json\/wp\/v2\/media\/638372"}],"wp:attachment":[{"href":"https:\/\/www.europesays.com\/fr\/wp-json\/wp\/v2\/media?parent=638371"}],"wp:term":[{"taxonomy":"category","embeddable":true,"href":"https:\/\/www.europesays.com\/fr\/wp-json\/wp\/v2\/categories?post=638371"},{"taxonomy":"post_tag","embeddable":true,"href":"https:\/\/www.europesays.com\/fr\/wp-json\/wp\/v2\/tags?post=638371"}],"curies":[{"name":"wp","href":"https:\/\/api.w.org\/{rel}","templated":true}]}}