{"id":638375,"date":"2026-01-03T13:33:11","date_gmt":"2026-01-03T13:33:11","guid":{"rendered":"https:\/\/www.europesays.com\/fr\/638375\/"},"modified":"2026-01-03T13:33:11","modified_gmt":"2026-01-03T13:33:11","slug":"en-2026-le-site-le-corbusier-fetera-un-double-anniversaire","status":"publish","type":"post","link":"https:\/\/www.europesays.com\/fr\/638375\/","title":{"rendered":"en 2026, le site Le Corbusier f\u00eatera un double anniversaire"},"content":{"rendered":"<p>Un double anniversaire et une tr\u00e8s grosse programmation. Sur le site Le Corbusier, tout le monde est dans les starting-blocks, 2026 s\u2019annonce comme une ann\u00e9e phare pour le patrimoine corbus\u00e9en.<\/p>\n<p>D\u00e8s le mois de f\u00e9vrier, de nombreux temps forts seront organis\u00e9s pour c\u00e9l\u00e9brer les dix ans de l\u2019Unesco. Le 17\u00a0juillet 2016, 17 b\u00e2timents ou sites &#8211; dont la Maison de la culture de Firminy &#8211; obtenaient l\u2019inscription au patrimoine mondial dans la s\u00e9rie intitul\u00e9e L\u2019\u0152uvre architecturale de Le Corbusier, une contribution exceptionnelle au Mouvement moderne.<\/p>\n<p>  Des projets tout au long de l\u2019ann\u00e9e<\/p>\n<p>Pour c\u00e9l\u00e9brer les dix ans du label, des projets vont voir le jour tout au long de l\u2019ann\u00e9e 2026 avec divers partenaires culturels. Il y aura des temps d\u2019exposition notamment autour du photographe officiel de l\u2019architecte, Lucien Herv\u00e9, des projets avec les \u00e9coles, le jeune public, des temps musicaux et, d\u00e8s le mois de juillet, un travail de mise en lumi\u00e8res.<\/p>\n<p>2026 sera \u00e9galement le vingti\u00e8me anniversaire de l\u2019ach\u00e8vement de la construction de l\u2019\u00e9glise Saint-Pierre. Les 28 et 29\u00a0novembre, tout un programme avec de nombreux temps forts sera propos\u00e9 aux Appelous et amateurs de l\u2019\u0153uvre de Le Corbusier avec des expositions, tables rondes, une messe,\u00a0etc.<\/p>\n","protected":false},"excerpt":{"rendered":"Un double anniversaire et une tr\u00e8s grosse programmation. Sur le site Le Corbusier, tout le monde est dans&hellip;\n","protected":false},"author":2,"featured_media":638376,"comment_status":"","ping_status":"","sticky":false,"template":"","format":"standard","meta":{"footnotes":""},"categories":[9653],"tags":[1111,11,2430,1687,7539,1777,674,10282,10283,1011,27,12,2661,25,4001],"class_list":{"0":"post-638375","1":"post","2":"type-post","3":"status-publish","4":"format-standard","5":"has-post-thumbnail","7":"category-saint-etienne","8":"tag-actu","9":"tag-actualites","10":"tag-auvergne-rhone-alpes","11":"tag-culture-loisirs","12":"tag-edition-loire-sud","13":"tag-eu","14":"tag-europe","15":"tag-firminy","16":"tag-firminy-ville","17":"tag-fr","18":"tag-france","19":"tag-news","20":"tag-patrimoine-culturel","21":"tag-republique-francaise","22":"tag-saint-etienne"},"share_on_mastodon":{"url":"https:\/\/pubeurope.com\/@fr\/115831426524313595","error":""},"_links":{"self":[{"href":"https:\/\/www.europesays.com\/fr\/wp-json\/wp\/v2\/posts\/638375","targetHints":{"allow":["GET"]}}],"collection":[{"href":"https:\/\/www.europesays.com\/fr\/wp-json\/wp\/v2\/posts"}],"about":[{"href":"https:\/\/www.europesays.com\/fr\/wp-json\/wp\/v2\/types\/post"}],"author":[{"embeddable":true,"href":"https:\/\/www.europesays.com\/fr\/wp-json\/wp\/v2\/users\/2"}],"replies":[{"embeddable":true,"href":"https:\/\/www.europesays.com\/fr\/wp-json\/wp\/v2\/comments?post=638375"}],"version-history":[{"count":0,"href":"https:\/\/www.europesays.com\/fr\/wp-json\/wp\/v2\/posts\/638375\/revisions"}],"wp:featuredmedia":[{"embeddable":true,"href":"https:\/\/www.europesays.com\/fr\/wp-json\/wp\/v2\/media\/638376"}],"wp:attachment":[{"href":"https:\/\/www.europesays.com\/fr\/wp-json\/wp\/v2\/media?parent=638375"}],"wp:term":[{"taxonomy":"category","embeddable":true,"href":"https:\/\/www.europesays.com\/fr\/wp-json\/wp\/v2\/categories?post=638375"},{"taxonomy":"post_tag","embeddable":true,"href":"https:\/\/www.europesays.com\/fr\/wp-json\/wp\/v2\/tags?post=638375"}],"curies":[{"name":"wp","href":"https:\/\/api.w.org\/{rel}","templated":true}]}}