{"id":638381,"date":"2026-01-03T13:39:13","date_gmt":"2026-01-03T13:39:13","guid":{"rendered":"https:\/\/www.europesays.com\/fr\/638381\/"},"modified":"2026-01-03T13:39:13","modified_gmt":"2026-01-03T13:39:13","slug":"toulon-devra-composer-sans-16-joueurs-contre-la-rochelle-dont-villiere-et-serin","status":"publish","type":"post","link":"https:\/\/www.europesays.com\/fr\/638381\/","title":{"rendered":"Toulon devra composer sans 16 joueurs contre La Rochelle, dont Villi\u00e8re et Serin"},"content":{"rendered":"<p>\n    D\u00e9cim\u00e9 par les blessures, le RCT se d\u00e9place \u00e0 La Rochelle ce dimanche avec 16 joueurs forfaits, dont deux absences majeures.<\/p>\n<p class=\"fig-paragraph\">Le RC Toulon devra se passer de 16 joueurs bless\u00e9s pour son d\u00e9placement \u00e0 La Rochelle dimanche dans le cadre de la\u00a0<a href=\"https:\/\/www.lefigaro.fr\/sports\/rugby\/top-14\/calendrier-resultats\" target=\"_blank\" rel=\"sponsored noopener\" data-gtm-custom-categorie=\"navigation\" data-gtm-custom-action=\"crossclick\" data-gtm-custom-label=\"Contextuel\" data-gtm-event=\"customEventSPE\">14e journ\u00e9e de Top 14<\/a>\u00a0(21h05), dont des cadres de l&rsquo;\u00e9quipe tels que Gabin Villi\u00e8re et<a href=\"http:\/\/www.lefigaro.fr\/sports\/rugby\/top-14\/top-14-baptiste-serin-prolonge-a-toulon-officiel-20251113\" data-fig-type=\"NewsFlash\" data-gtm-custom-categorie=\"navigation\" data-gtm-custom-action=\"crossclick\" data-gtm-custom-label=\"Contextuel\" data-gtm-event=\"customEventSPE\" data-fig-domain=\"LEFIGARO\" target=\"_blank\" rel=\"noopener\">\u00a0Baptiste Serin.<\/a><\/p>\n<p class=\"fig-paragraph\">\u00abOn enregistre \u00e0 ce jour 15 joueurs bless\u00e9s. S&rsquo;est ajout\u00e9 hier Gabin Villi\u00e8re, touch\u00e9 aux c\u00f4tes\u00bb, a annonc\u00e9 le manager du RCT Pierre Mignoni en conf\u00e9rence de presse ce samedi.<\/p>\n<p>                                            <a class=\"fig-a11y-skip\" href=\"#fig-a11y-skip-main-inarticle\" data-module=\"a11y-skip\" data-context=\"was @visible\"><br \/>\n    Passer la publicit\u00e9<br \/>\n<\/a>            <\/p>\n<p class=\"fig-paragraph\">L&rsquo;ailier international devait initialement faire le d\u00e9placement en Charente-Maritime pour lancer la phase retour du championnat mais il doit finalement d\u00e9clarer forfait. C&rsquo;est aussi le cas du demi de m\u00eal\u00e9e Baptiste Serin pour \u00abune petite g\u00eane \u00e0 une cuisse\u00bb.<\/p>\n<p>                                            Une infirmerie remplie avant le choc<\/p>\n<p class=\"fig-paragraph\">L&rsquo;arri\u00e8re Marius Domon respecte, lui, le protocole de retour au jeu apr\u00e8s une commotion subie contre Perpignan le week-end dernier, alors que le trois-quarts centre J\u00e9r\u00e9my Sinzelle a ressenti une tension \u00e0 un mollet.<\/p>\n<p class=\"fig-paragraph\">Ces bless\u00e9s r\u00e9cents rejoignent une infirmerie copieusement garnie et compos\u00e9e depuis quelques semaines de Pierre Damond, Matthias Halagahu, Beka Gigashvili, Jean-Baptiste Gros, Gianmarco Lucchesi, Swan Rebbadj, Joe Quere-Karaba, Antoine Frisch, Melvyn Jaminet, Mat\u00e9o Garcia, Patrick Tuifua et le jeune G\u00e9orgien Mikheili Shioshvili, qui aurait pu faire ses d\u00e9buts professionnels \u00e0 La Rochelle.<\/p>\n<p class=\"fig-paragraph\">En effet, le manager varois a annonc\u00e9 samedi qu&rsquo;il comptait s&rsquo;appuyer sur sa jeunesse et sur certains joueurs qui n&rsquo;ont pas encore d\u00e9couvert le Top 14 pour se rendre chez le double champion d&rsquo;Europe 2022 et 2023.<\/p>\n<p class=\"fig-paragraph\">\u00abPour \u00eatre honn\u00eate, je ne suis pas s\u00fbr du r\u00e9sultat. Mais je suis s\u00fbr que les joueurs vont s&rsquo;engager et, \u00e7a, c&rsquo;est important pour notre groupe parce qu&rsquo;on avait manqu\u00e9 d&rsquo;engagement \u00e0 Bordeaux\u00bb, a-t-il confi\u00e9.<\/p>\n<p>                                            <a class=\"fig-a11y-skip\" href=\"#fig-a11y-skip-main-inarticle_mtf\" data-module=\"a11y-skip\" data-context=\"was @visible\"><br \/>\n    Passer la publicit\u00e9<br \/>\n<\/a>            <\/p>\n<p class=\"fig-paragraph\">De leur c\u00f4t\u00e9, Dany Priso, Setariki Tuicuvu et Ga\u00ebl Dr\u00e9an sont en vacances cette semaine et vont \u00e9galement manquer cette rencontre entre le troisi\u00e8me du Top 14 et une formation rochelaise qui pointe en dixi\u00e8me position.<\/p>\n","protected":false},"excerpt":{"rendered":"D\u00e9cim\u00e9 par les blessures, le RCT se d\u00e9place \u00e0 La Rochelle ce dimanche avec 16 joueurs forfaits, dont&hellip;\n","protected":false},"author":2,"featured_media":638382,"comment_status":"","ping_status":"","sticky":false,"template":"","format":"standard","meta":{"footnotes":""},"categories":[9619],"tags":[1111,11,1777,674,1011,27,12,882,8177,25,6365,2310],"class_list":{"0":"post-638381","1":"post","2":"type-post","3":"status-publish","4":"format-standard","5":"has-post-thumbnail","7":"category-toulon","8":"tag-actu","9":"tag-actualites","10":"tag-eu","11":"tag-europe","12":"tag-fr","13":"tag-france","14":"tag-news","15":"tag-provence-alpes-cote-dazur","16":"tag-rc-toulon","17":"tag-republique-francaise","18":"tag-stade-rochelais","19":"tag-toulon"},"share_on_mastodon":{"url":"https:\/\/pubeurope.com\/@fr\/115831450259395296","error":""},"_links":{"self":[{"href":"https:\/\/www.europesays.com\/fr\/wp-json\/wp\/v2\/posts\/638381","targetHints":{"allow":["GET"]}}],"collection":[{"href":"https:\/\/www.europesays.com\/fr\/wp-json\/wp\/v2\/posts"}],"about":[{"href":"https:\/\/www.europesays.com\/fr\/wp-json\/wp\/v2\/types\/post"}],"author":[{"embeddable":true,"href":"https:\/\/www.europesays.com\/fr\/wp-json\/wp\/v2\/users\/2"}],"replies":[{"embeddable":true,"href":"https:\/\/www.europesays.com\/fr\/wp-json\/wp\/v2\/comments?post=638381"}],"version-history":[{"count":0,"href":"https:\/\/www.europesays.com\/fr\/wp-json\/wp\/v2\/posts\/638381\/revisions"}],"wp:featuredmedia":[{"embeddable":true,"href":"https:\/\/www.europesays.com\/fr\/wp-json\/wp\/v2\/media\/638382"}],"wp:attachment":[{"href":"https:\/\/www.europesays.com\/fr\/wp-json\/wp\/v2\/media?parent=638381"}],"wp:term":[{"taxonomy":"category","embeddable":true,"href":"https:\/\/www.europesays.com\/fr\/wp-json\/wp\/v2\/categories?post=638381"},{"taxonomy":"post_tag","embeddable":true,"href":"https:\/\/www.europesays.com\/fr\/wp-json\/wp\/v2\/tags?post=638381"}],"curies":[{"name":"wp","href":"https:\/\/api.w.org\/{rel}","templated":true}]}}