{"id":638385,"date":"2026-01-03T13:41:15","date_gmt":"2026-01-03T13:41:15","guid":{"rendered":"https:\/\/www.europesays.com\/fr\/638385\/"},"modified":"2026-01-03T13:41:15","modified_gmt":"2026-01-03T13:41:15","slug":"montpellier-previsions-meteo-du-samedi-03-janvier-2026","status":"publish","type":"post","link":"https:\/\/www.europesays.com\/fr\/638385\/","title":{"rendered":"Montpellier : pr\u00e9visions m\u00e9t\u00e9o du samedi 03 janvier 2026"},"content":{"rendered":"<p>\u00c0 Montpellier, la journ\u00e9e du samedi 3 janvier 2026 se caract\u00e9rise par un ciel variable avec des \u00e9claircies, des temp\u00e9ratures fra\u00eeches en matin\u00e9e et un l\u00e9ger r\u00e9chauffement l\u2019apr\u00e8s-midi. Le vent reste faible et la pluie est peu probable.<\/p>\n<p>    Matin : fra\u00eecheur marqu\u00e9e et ciel variable<\/p>\n<p>\u00c0 Montpellier, le soleil se l\u00e8ve \u00e0 08 h 17. \u00c0 09 h, le thermom\u00e8tre affiche seulement <b>-1 \u00b0C<\/b>, avec un ressenti glacial de <b>-5 \u00b0C<\/b> sous un ciel variable. L\u2019humidit\u00e9 atteint 88 %, favorisant la formation de ros\u00e9e blanche.<\/p>\n<p>Le vent de Nord-Nord-Ouest demeure discret, \u00e0 <b>6 km\/h<\/b>, insuffisant pour dissiper la sensation de froid. La pression reste stable \u00e0 1 009 hPa, garantissant une atmosph\u00e8re calme.<\/p>\n<ul>\n<li>Chauss\u00e9es potentiellement glissantes t\u00f4t le matin ;<\/li>\n<li>Grattez les pare-brise avant de prendre la route ;<\/li>\n<li>Superposez les couches pour limiter les pertes de chaleur.<\/li>\n<\/ul>\n<p>Apr\u00e8s-midi : \u00e9claircies timides, mercure en l\u00e9g\u00e8re hausse<\/p>\n<p>\u00c0 15 h, Montpellier est toujours sous un ciel variable. La temp\u00e9rature monte \u00e0 <b>8 \u00b0C<\/b>, mais le ressenti reste limit\u00e9 \u00e0 <b>4 \u00b0C<\/b> en raison d\u2019une brise de Nord-Nord-Est soufflant \u00e0 <b>9 km\/h<\/b>.<\/p>\n<p>L\u2019air s\u2019ass\u00e8che l\u00e9g\u00e8rement (humidit\u00e9 49 %), ce qui r\u00e9duit le risque de brouillard. La probabilit\u00e9 de pluie demeure tr\u00e8s faible : 3 %. Il est donc possible de profiter des \u00e9claircies pour fl\u00e2ner sur la place de la Com\u00e9die, tout en gardant une veste chaude.<\/p>\n<p>Les mod\u00e8les, recoup\u00e9s avec les donn\u00e9es des stations locales, confirment cette br\u00e8ve parenth\u00e8se plus douce, m\u00eame si les temp\u00e9ratures restent en dessous des normales saisonni\u00e8res.<\/p>\n<p>Soir : retour du froid avant et apr\u00e8s le coucher du soleil<\/p>\n<p>Le soleil se couche \u00e0 17 h 19. Peu apr\u00e8s, la temp\u00e9rature chute \u00e0 nouveau. \u00c0 21 h, on rel\u00e8ve <b>1 \u00b0C<\/b> et un ressenti de <b>-2 \u00b0C<\/b>. Le ciel demeure l\u00e9g\u00e8rement nuageux, sans menace de pluie.<\/p>\n<p>Le vent faiblit encore, avec 5 km\/h de secteur Nord. L\u2019humidit\u00e9 remonte \u00e0 73 %, favorisant une nouvelle formation de givre pendant la nuit. Pour les activit\u00e9s ext\u00e9rieures, gants et bonnet sont recommand\u00e9s.<\/p>\n<p>Pour suivre l\u2019\u00e9volution heure par heure, consultez notre <a href=\"https:\/\/www.meteocity.com\/france\/montpellier-v2992166\" target=\"_blank\" rel=\"noopener\">page m\u00e9t\u00e9o Montpellier<\/a>.<\/p>\n<p>Tendance g\u00e9n\u00e9rale pour le lundi 4 janvier<\/p>\n<p>Les premi\u00e8res tendances pour demain annoncent un temps tr\u00e8s nuageux. Le mercure oscillera entre <b>-2 \u00b0C<\/b> au lever du jour et <b>6 \u00b0C<\/b> l\u2019apr\u00e8s-midi, avec un ressenti maximal limit\u00e9 \u00e0 <b>2 \u00b0C<\/b>. La probabilit\u00e9 de pluie reste marginale : 1 %.<\/p>\n<p>Le vent de Nord soufflera autour de 10 km\/h, apportant une fra\u00eecheur piquante dans une ambiance calme. La pression se maintiendra \u00e0 1 006 hPa, assurant une m\u00e9t\u00e9o sans surprise.<\/p>\n<ul>\n<li>Matin\u00e9e froide : attention aux conduites d\u2019eau ext\u00e9rieures et aux animaux.<\/li>\n<li>Apr\u00e8s-midi toujours frais : privil\u00e9giez les pauses \u00e0 l\u2019abri du vent.<\/li>\n<li>Nuit suivante : ressenti attendu <b>-6 \u00b0C<\/b>, risque accru de gel.<\/li>\n<\/ul>\n<p>Le temps reste sec, mais la succession de journ\u00e9es froides rappelle que l\u2019hiver m\u00e9diterran\u00e9en n\u2019exclut pas le gel. Aucun \u00e9pisode extr\u00eame n\u2019est pr\u00e9vu ; toutefois, la prudence reste de mise sur la route au petit matin.<\/p>\n<p>Envie de planifier vos sorties jusqu\u2019au week-end ? Retrouvez nos pr\u00e9visions longues dans la rubrique <a href=\"https:\/\/www.meteocity.com\/france\/montpellier-v2992166\/meteo-15-jours\" target=\"_blank\" rel=\"noopener\">m\u00e9t\u00e9o 15 jours<\/a>.<\/p>\n","protected":false},"excerpt":{"rendered":"\u00c0 Montpellier, la journ\u00e9e du samedi 3 janvier 2026 se caract\u00e9rise par un ciel variable avec des \u00e9claircies,&hellip;\n","protected":false},"author":2,"featured_media":638386,"comment_status":"","ping_status":"","sticky":false,"template":"","format":"standard","meta":{"footnotes":""},"categories":[9599],"tags":[1111,11,1777,674,1011,27,2208,12,2680,25],"class_list":{"0":"post-638385","1":"post","2":"type-post","3":"status-publish","4":"format-standard","5":"has-post-thumbnail","7":"category-montpellier","8":"tag-actu","9":"tag-actualites","10":"tag-eu","11":"tag-europe","12":"tag-fr","13":"tag-france","14":"tag-montpellier","15":"tag-news","16":"tag-occitanie","17":"tag-republique-francaise"},"share_on_mastodon":{"url":"https:\/\/pubeurope.com\/@fr\/115831458058437807","error":""},"_links":{"self":[{"href":"https:\/\/www.europesays.com\/fr\/wp-json\/wp\/v2\/posts\/638385","targetHints":{"allow":["GET"]}}],"collection":[{"href":"https:\/\/www.europesays.com\/fr\/wp-json\/wp\/v2\/posts"}],"about":[{"href":"https:\/\/www.europesays.com\/fr\/wp-json\/wp\/v2\/types\/post"}],"author":[{"embeddable":true,"href":"https:\/\/www.europesays.com\/fr\/wp-json\/wp\/v2\/users\/2"}],"replies":[{"embeddable":true,"href":"https:\/\/www.europesays.com\/fr\/wp-json\/wp\/v2\/comments?post=638385"}],"version-history":[{"count":0,"href":"https:\/\/www.europesays.com\/fr\/wp-json\/wp\/v2\/posts\/638385\/revisions"}],"wp:featuredmedia":[{"embeddable":true,"href":"https:\/\/www.europesays.com\/fr\/wp-json\/wp\/v2\/media\/638386"}],"wp:attachment":[{"href":"https:\/\/www.europesays.com\/fr\/wp-json\/wp\/v2\/media?parent=638385"}],"wp:term":[{"taxonomy":"category","embeddable":true,"href":"https:\/\/www.europesays.com\/fr\/wp-json\/wp\/v2\/categories?post=638385"},{"taxonomy":"post_tag","embeddable":true,"href":"https:\/\/www.europesays.com\/fr\/wp-json\/wp\/v2\/tags?post=638385"}],"curies":[{"name":"wp","href":"https:\/\/api.w.org\/{rel}","templated":true}]}}